{"id":670,"date":"2018-06-16T15:55:07","date_gmt":"2018-06-16T15:55:07","guid":{"rendered":"http:\/\/haas-altona.de\/atlantik\/?p=670"},"modified":"2018-06-16T15:55:07","modified_gmt":"2018-06-16T15:55:07","slug":"heroes-of-sailing","status":"publish","type":"post","link":"https:\/\/haas-altona.de\/atlantik\/?p=670","title":{"rendered":"Heroes of Sailing"},"content":{"rendered":"<p>Der Wetterbericht hat ein kr\u00e4ftiges Tief angek\u00fcndigt, das den Isles of Scilly st\u00fcrmischen Westwind bringen soll. Deshalb verl\u00e4sst Zora am 13. Juni um 6:00 die sch\u00f6nen Inseln im Atlantik und macht sich auf den Weg in Richtung Falmouth.\u00a0 Der Skipper meint, dass die Tide\u00a0 im Englischen Kanal vor &#8222;The Lizard&#8220; zwischen 15:00 und 16:00\u00a0 kippen wird. Dann erwarten wir dort mitlaufenden Strom.\u00a0 Das ist wichtig, denn obwohl beim Auslaufen noch Flaute herrscht, soll der Wind \u00fcber den Tag kr\u00e4ftig zunehmen. Dann w\u00e4re eine &#8222;Wind-gegen-Strom&#8220;\u00a0 Situation vor diesem &#8222;Tidal Gate&#8220; sehr unangenehm.<\/p>\n<p>Die ersten Stunden geht es unter Maschine mit Kurs 90 Grad voran. Aber schon am Vormittag setzt segelbarer Wind ein und trotz leichtem Gegenstrom kommen wir gut voran. Lands End kommt rasch in Sicht, denn es herrscht klares Wetter und die Sonne verw\u00f6hnt die Crew. So kann man nichts anderes tun als das Wellness-Segeln zu genie\u00dfen. Sogar eine Taube kommt noch an Bord um sich ein wenig auszuruhen. Der Vogel unternimmt ausgedehnte Wanderungen an Deck und kommt sogar ins Cockpit um sich Kekskr\u00fcmel zu holen, die die Crew ihm auf einem Teller serviert.<\/p>\n<figure id=\"attachment_678\" aria-describedby=\"caption-attachment-678\" style=\"width: 4608px\" class=\"wp-caption aligncenter\"><a href=\"http:\/\/haas-altona.de\/atlantik\/wp-content\/uploads\/2018\/06\/DSCN1254.jpg\"><img loading=\"lazy\" decoding=\"async\" class=\"size-full wp-image-678\" src=\"http:\/\/haas-altona.de\/atlantik\/wp-content\/uploads\/2018\/06\/DSCN1254.jpg\" alt=\"\" width=\"4608\" height=\"3456\" srcset=\"https:\/\/haas-altona.de\/atlantik\/wp-content\/uploads\/2018\/06\/DSCN1254.jpg 4608w, https:\/\/haas-altona.de\/atlantik\/wp-content\/uploads\/2018\/06\/DSCN1254-300x225.jpg 300w, https:\/\/haas-altona.de\/atlantik\/wp-content\/uploads\/2018\/06\/DSCN1254-768x576.jpg 768w, https:\/\/haas-altona.de\/atlantik\/wp-content\/uploads\/2018\/06\/DSCN1254-1024x768.jpg 1024w\" sizes=\"auto, (max-width: 4608px) 100vw, 4608px\" \/><\/a><figcaption id=\"caption-attachment-678\" class=\"wp-caption-text\">Markus mit unserem Passagier<\/figcaption><\/figure>\n<figure id=\"attachment_677\" aria-describedby=\"caption-attachment-677\" style=\"width: 4608px\" class=\"wp-caption aligncenter\"><a href=\"http:\/\/haas-altona.de\/atlantik\/wp-content\/uploads\/2018\/06\/DSCN1252.jpg\"><img loading=\"lazy\" decoding=\"async\" class=\"size-full wp-image-677\" src=\"http:\/\/haas-altona.de\/atlantik\/wp-content\/uploads\/2018\/06\/DSCN1252.jpg\" alt=\"\" width=\"4608\" height=\"3456\" srcset=\"https:\/\/haas-altona.de\/atlantik\/wp-content\/uploads\/2018\/06\/DSCN1252.jpg 4608w, https:\/\/haas-altona.de\/atlantik\/wp-content\/uploads\/2018\/06\/DSCN1252-300x225.jpg 300w, https:\/\/haas-altona.de\/atlantik\/wp-content\/uploads\/2018\/06\/DSCN1252-768x576.jpg 768w, https:\/\/haas-altona.de\/atlantik\/wp-content\/uploads\/2018\/06\/DSCN1252-1024x768.jpg 1024w\" sizes=\"auto, (max-width: 4608px) 100vw, 4608px\" \/><\/a><figcaption id=\"caption-attachment-677\" class=\"wp-caption-text\">Passagier auf der Reise von Scilly nach Falmouth<\/figcaption><\/figure>\n<p>Entsprechend der Planung erreichen wir auf diese entspannte Weise das eindrucksvolle Kap mit dem gro\u00dfen Leuchtturm, &#8222;The Lizard&#8220;.\u00a0 Danach geht\u00b4s dann in nord\u00f6stlicher Richtung noch ein paar Meilen nach Falmouth, das wir noch vor Einbruch der Dunkelheit erreichen. Dort sind alle Liegep\u00e4tze von einer Flotille unter Flaggenschmuck belegt.\u00a0 Das sieht nach einer gr\u00f6\u00dferen Regattaveranstaltung aus. Also f\u00e4llt erst einmal der Anker, das Dinghi kommt vom Vorschiff und in nun schon wohlge\u00fcbter Weise, angefeuert von am\u00fcsierten Englischen Ankerliegern,\u00a0 wird gegen den inzwischen kr\u00e4ftigen Wind an Land gepaddelt.<\/p>\n<p>In einem Pub am Wasser genie\u00dft die Crew die stimmungsvolle Atmosph\u00e4re. Ein M\u00e4nnerchor singt popul\u00e4re Cornische Lieder und die Zuh\u00f6rer klatschen und gr\u00f6len begeistert. Gegen Mitternacht gehen J\u00f6rg und der Skipper an Bord w\u00e4hrend Markus und Tyll die lokale Partyszene erkunden.<\/p>\n<p>Am n\u00e4chsten Morgen herrscht Aufbruchsstimmung in der Marina: Die Wettfahrt scheint kurz bevor zu stehen. Wir pullen mit dem Dinghi hin\u00fcber zur Marina um zu sehen, was dort los ist. Die meisten Yachten sind schon unterwegs, aber drei ganz besondere Schiffe liegen noch am Steg: Eine lange und schmale wei\u00dfe Ketsch, eine kompakte Holzyacht mit der Rumpfform eines Colin Archer und ein modernes rotes Schiff.\u00a0 Die Ketsch entpuppt sich als Gipsy Moth IV von Francis Chichester, mit der er\u00a0<span style=\"display: inline !important; float: none; background-color: transparent; color: #3d3d3d; cursor: text; font-family: 'Lato',sans-serif; font-size: 17px; font-style: normal; font-variant: normal; font-weight: 400; letter-spacing: normal; orphans: 2; text-align: left; text-decoration: none; text-indent: 0px; text-transform: none; -webkit-text-stroke-width: 0px; white-space: normal; word-spacing: 0px;\"> im Jahr 1966 eine Rekord Weltumsegelung in zwei Etappen mit Stop in Sidney vollbrachte. <\/span><\/p>\n<figure id=\"attachment_675\" aria-describedby=\"caption-attachment-675\" style=\"width: 4608px\" class=\"wp-caption aligncenter\"><a href=\"http:\/\/haas-altona.de\/atlantik\/wp-content\/uploads\/2018\/06\/DSCN1261.jpg\"><img loading=\"lazy\" decoding=\"async\" class=\"size-full wp-image-675\" src=\"http:\/\/haas-altona.de\/atlantik\/wp-content\/uploads\/2018\/06\/DSCN1261.jpg\" alt=\"\" width=\"4608\" height=\"3456\" srcset=\"https:\/\/haas-altona.de\/atlantik\/wp-content\/uploads\/2018\/06\/DSCN1261.jpg 4608w, https:\/\/haas-altona.de\/atlantik\/wp-content\/uploads\/2018\/06\/DSCN1261-300x225.jpg 300w, https:\/\/haas-altona.de\/atlantik\/wp-content\/uploads\/2018\/06\/DSCN1261-768x576.jpg 768w, https:\/\/haas-altona.de\/atlantik\/wp-content\/uploads\/2018\/06\/DSCN1261-1024x768.jpg 1024w\" sizes=\"auto, (max-width: 4608px) 100vw, 4608px\" \/><\/a><figcaption id=\"caption-attachment-675\" class=\"wp-caption-text\">Gipsy Moth IV von Francis Chichester<\/figcaption><\/figure>\n<p><span style=\"display: inline !important; float: none; background-color: transparent; color: #3d3d3d; cursor: text; font-family: 'Lato',sans-serif; font-size: 17px; font-style: normal; font-variant: normal; font-weight: 400; letter-spacing: normal; orphans: 2; text-align: left; text-decoration: none; text-indent: 0px; text-transform: none; -webkit-text-stroke-width: 0px; white-space: normal; word-spacing: 0px;\">Die zweite Yacht ist <\/span>die 9,5m lange Suhaili von Robin Knox-Johnston, mit der er 1968 das erste Golden-Globe Race gewann.<\/p>\n<figure id=\"attachment_674\" aria-describedby=\"caption-attachment-674\" style=\"width: 4608px\" class=\"wp-caption aligncenter\"><a href=\"http:\/\/haas-altona.de\/atlantik\/wp-content\/uploads\/2018\/06\/DSCN1260.jpg\"><img loading=\"lazy\" decoding=\"async\" class=\"size-full wp-image-674\" src=\"http:\/\/haas-altona.de\/atlantik\/wp-content\/uploads\/2018\/06\/DSCN1260.jpg\" alt=\"\" width=\"4608\" height=\"3456\" srcset=\"https:\/\/haas-altona.de\/atlantik\/wp-content\/uploads\/2018\/06\/DSCN1260.jpg 4608w, https:\/\/haas-altona.de\/atlantik\/wp-content\/uploads\/2018\/06\/DSCN1260-300x225.jpg 300w, https:\/\/haas-altona.de\/atlantik\/wp-content\/uploads\/2018\/06\/DSCN1260-768x576.jpg 768w, https:\/\/haas-altona.de\/atlantik\/wp-content\/uploads\/2018\/06\/DSCN1260-1024x768.jpg 1024w\" sizes=\"auto, (max-width: 4608px) 100vw, 4608px\" \/><\/a><figcaption id=\"caption-attachment-674\" class=\"wp-caption-text\">Suhaili von Robin Knox-Johnston<\/figcaption><\/figure>\n<p>Das rote Schiff schlie\u00dflich ist die Jager von Dick Koopmans, dem Konstrukteur unserer Zora. Mit der Jager nimmt Koopmans regelm\u00e4\u00dfig sehr erfolgreich an vielen anspruchsvollen Offshore Regatten, wie dem Round-Britain Race und der Azores-and-back Wettfahrt teil. Robin Knox-Johnston, inzwischen 80 Jahre alt, ist gerade dabei die Suhaili zu besteigen und auch Dick Koopmans ist als einer der Organisatoren der Wettfahrt anwesend.<\/p>\n<figure id=\"attachment_673\" aria-describedby=\"caption-attachment-673\" style=\"width: 4608px\" class=\"wp-caption aligncenter\"><a href=\"http:\/\/haas-altona.de\/atlantik\/wp-content\/uploads\/2018\/06\/DSCN1259.jpg\"><img loading=\"lazy\" decoding=\"async\" class=\"size-full wp-image-673\" src=\"http:\/\/haas-altona.de\/atlantik\/wp-content\/uploads\/2018\/06\/DSCN1259.jpg\" alt=\"\" width=\"4608\" height=\"3456\" srcset=\"https:\/\/haas-altona.de\/atlantik\/wp-content\/uploads\/2018\/06\/DSCN1259.jpg 4608w, https:\/\/haas-altona.de\/atlantik\/wp-content\/uploads\/2018\/06\/DSCN1259-300x225.jpg 300w, https:\/\/haas-altona.de\/atlantik\/wp-content\/uploads\/2018\/06\/DSCN1259-768x576.jpg 768w, https:\/\/haas-altona.de\/atlantik\/wp-content\/uploads\/2018\/06\/DSCN1259-1024x768.jpg 1024w\" sizes=\"auto, (max-width: 4608px) 100vw, 4608px\" \/><\/a><figcaption id=\"caption-attachment-673\" class=\"wp-caption-text\">Jager von Dick Koopmans<\/figcaption><\/figure>\n<p>Diese,\u00a0 h\u00f6ren wir, ist die Jubil\u00e4umsveranstaltung zum 50. Jahrestag des ersten Golden-Globe Race von 1968.\u00a0Sp\u00e4ter steigen wir zu Pendennis Castle hoch und sehen, die Wettbewerber am Horizont auf dem Weg nach Les Sables D\u00b4Olonnes verschwinden.<\/p>\n<p>Wir selber machen uns am Nachmittag wieder auf und segeln bei Sonne und mitlaufender Tide nach Plymouth, das wir kurz vor Mitternacht erreichen. In der Dunkelheit tasten wir uns durch den Plymouth Sound und machen in der Queen Anne Battery Marina fest. Am n\u00e4chsten Morgen erkunden wir dann das sch\u00f6ne Plymouth. Von hier wollen wir weiter zu den Kanalinseln.<\/p>\n<p>&nbsp;<\/p>\n<p>&nbsp;<\/p>\n","protected":false},"excerpt":{"rendered":"<p>Der Wetterbericht hat ein kr\u00e4ftiges Tief angek\u00fcndigt, das den Isles of Scilly st\u00fcrmischen Westwind bringen soll. Deshalb verl\u00e4sst Zora am 13. Juni um 6:00 die sch\u00f6nen Inseln im Atlantik und macht sich auf den Weg in Richtung Falmouth.\u00a0 Der Skipper meint, dass die Tide\u00a0 im Englischen Kanal vor &#8222;The Lizard&#8220; zwischen 15:00 und 16:00\u00a0 kippen &hellip; <a href=\"https:\/\/haas-altona.de\/atlantik\/?p=670\" class=\"more-link\"><span class=\"screen-reader-text\">Heroes of Sailing<\/span> weiterlesen<\/a><\/p>\n","protected":false},"author":1,"featured_media":0,"comment_status":"open","ping_status":"open","sticky":false,"template":"","format":"standard","meta":{"footnotes":""},"categories":[1],"tags":[],"class_list":["post-670","post","type-post","status-publish","format-standard","hentry","category-uncategorized"],"_links":{"self":[{"href":"https:\/\/haas-altona.de\/atlantik\/index.php?rest_route=\/wp\/v2\/posts\/670","targetHints":{"allow":["GET"]}}],"collection":[{"href":"https:\/\/haas-altona.de\/atlantik\/index.php?rest_route=\/wp\/v2\/posts"}],"about":[{"href":"https:\/\/haas-altona.de\/atlantik\/index.php?rest_route=\/wp\/v2\/types\/post"}],"author":[{"embeddable":true,"href":"https:\/\/haas-altona.de\/atlantik\/index.php?rest_route=\/wp\/v2\/users\/1"}],"replies":[{"embeddable":true,"href":"https:\/\/haas-altona.de\/atlantik\/index.php?rest_route=%2Fwp%2Fv2%2Fcomments&post=670"}],"version-history":[{"count":5,"href":"https:\/\/haas-altona.de\/atlantik\/index.php?rest_route=\/wp\/v2\/posts\/670\/revisions"}],"predecessor-version":[{"id":682,"href":"https:\/\/haas-altona.de\/atlantik\/index.php?rest_route=\/wp\/v2\/posts\/670\/revisions\/682"}],"wp:attachment":[{"href":"https:\/\/haas-altona.de\/atlantik\/index.php?rest_route=%2Fwp%2Fv2%2Fmedia&parent=670"}],"wp:term":[{"taxonomy":"category","embeddable":true,"href":"https:\/\/haas-altona.de\/atlantik\/index.php?rest_route=%2Fwp%2Fv2%2Fcategories&post=670"},{"taxonomy":"post_tag","embeddable":true,"href":"https:\/\/haas-altona.de\/atlantik\/index.php?rest_route=%2Fwp%2Fv2%2Ftags&post=670"}],"curies":[{"name":"wp","href":"https:\/\/api.w.org\/{rel}","templated":true}]}}