{"id":651,"date":"2018-06-01T16:47:00","date_gmt":"2018-06-01T16:47:00","guid":{"rendered":"http:\/\/haas-altona.de\/atlantik\/?p=651"},"modified":"2018-06-02T04:29:50","modified_gmt":"2018-06-02T04:29:50","slug":"wl2k-finale-mit-sonne","status":"publish","type":"post","link":"https:\/\/haas-altona.de\/atlantik\/?p=651","title":{"rendered":"\/\/WL2K Finale mit Sonne"},"content":{"rendered":"<p>Der Tag beginnt f\u00fcr den Skipper mit der 0100 Wache. Es ist vollkommen windstill. Der Fast-Vollmond scheint \u00fcber eine \u00f6lige Wasserfl\u00e4che und wirft Schatten im Cockpit. Nur wenige ganz helle Sterne sind zu sehen. El Motor rackert seit Stunden brav vor sich hin. Da unser eiserner Gustav seinen Geist aufgegeben hat, darf gesteuert werden. Aber Jochen, der sonst ganz scharf aufs Steuern ist, l\u00e4\u00dft sich um diese Tageszeit dann doch nicht motivieren. Also steuert der Skipper selber. Die Stunden verstreichen und gegen 0300 beginnt es im Nordosten hell zu werden. Am Ende der Wache ist es vor dem Bug orange-rot vom bevorstehenden Sonnenaufgang und hinter dem Heck blau-scharz von der vergehenden Mondnacht. B\u00e4rbel \u00fcbernimmt um 0400 und findet dieses Himmelsschauspiel krass. Wenn dem Skipper nicht so kalt w\u00e4re, w\u00fcrde er auch noch aufbleiben und diese Beleuchtung bis zum Sonnenaufgang genie\u00dfen. Doch die warme Koje \u00fcbt st\u00e4rkere Anziehungskraft aus und er verkriecht sich unter Deck. Als er um 0900 wieder herauskommt, sitzt Jochen im strahlenden Sonneschein an der Pinne. Wind gibt es immer noch nicht, aber die Sonne entsch\u00e4digt einigerma\u00dfen. Es sind jetzt noch ca 150 Meilen bis Brest und wenn nichts dazwischenkommt, wie zum Beispiel Gegenwind, dann sollten wir in der Nacht vom 2. auf den 3. Juni dort sein. Immehin soll es am Abend und in der Nacht etwas winden, bevor sich dann am kommenden Tag wieder die Flaute \u00fcber die Biskaya senkt. Bisher haben wir auf diesem T\u00f6rn schon 74 Motorstunden eingesammelt und es k\u00f6nnten am Ende 100 werden. Richtig guten Wind zum Segeln haben wir immer nur f\u00fcr ganz wenige Stunden gehabt. Bemerkenswert, wie ruhig es hier drau\u00dfen sein kann! Westlich von uns hat sich zwar ein kr\u00e4ftiges Tief gebildet, aber selbst das scheint schon wieder am Zerfallen zu sein. Nun, da wir fast da sind, ist uns das nun egal. Immerhin verspricht die Ankunft in Brest bei  Flaute, Nieselregen und im Dunkeln abzulaufen. Das w\u00e4re dann das Sahneh\u00e4ubchen auf dieser T\u00f6rn-Torte!<\/p>\n","protected":false},"excerpt":{"rendered":"<p>Der Tag beginnt f\u00fcr den Skipper mit der 0100 Wache. Es ist vollkommen windstill. Der Fast-Vollmond scheint \u00fcber eine \u00f6lige Wasserfl\u00e4che und wirft Schatten im Cockpit. Nur wenige ganz helle Sterne sind zu sehen. El Motor rackert seit Stunden brav vor sich hin. Da unser eiserner Gustav seinen Geist aufgegeben hat, darf gesteuert werden. Aber &hellip; <a href=\"https:\/\/haas-altona.de\/atlantik\/?p=651\" class=\"more-link\"><span class=\"screen-reader-text\">\/\/WL2K Finale mit Sonne<\/span> weiterlesen<\/a><\/p>\n","protected":false},"author":1,"featured_media":0,"comment_status":"open","ping_status":"open","sticky":false,"template":"","format":"standard","meta":{"footnotes":""},"categories":[1],"tags":[],"class_list":["post-651","post","type-post","status-publish","format-standard","hentry","category-uncategorized"],"_links":{"self":[{"href":"https:\/\/haas-altona.de\/atlantik\/index.php?rest_route=\/wp\/v2\/posts\/651","targetHints":{"allow":["GET"]}}],"collection":[{"href":"https:\/\/haas-altona.de\/atlantik\/index.php?rest_route=\/wp\/v2\/posts"}],"about":[{"href":"https:\/\/haas-altona.de\/atlantik\/index.php?rest_route=\/wp\/v2\/types\/post"}],"author":[{"embeddable":true,"href":"https:\/\/haas-altona.de\/atlantik\/index.php?rest_route=\/wp\/v2\/users\/1"}],"replies":[{"embeddable":true,"href":"https:\/\/haas-altona.de\/atlantik\/index.php?rest_route=%2Fwp%2Fv2%2Fcomments&post=651"}],"version-history":[{"count":0,"href":"https:\/\/haas-altona.de\/atlantik\/index.php?rest_route=\/wp\/v2\/posts\/651\/revisions"}],"wp:attachment":[{"href":"https:\/\/haas-altona.de\/atlantik\/index.php?rest_route=%2Fwp%2Fv2%2Fmedia&parent=651"}],"wp:term":[{"taxonomy":"category","embeddable":true,"href":"https:\/\/haas-altona.de\/atlantik\/index.php?rest_route=%2Fwp%2Fv2%2Fcategories&post=651"},{"taxonomy":"post_tag","embeddable":true,"href":"https:\/\/haas-altona.de\/atlantik\/index.php?rest_route=%2Fwp%2Fv2%2Ftags&post=651"}],"curies":[{"name":"wp","href":"https:\/\/api.w.org\/{rel}","templated":true}]}}