{"id":647,"date":"2018-05-28T19:48:00","date_gmt":"2018-05-28T19:48:00","guid":{"rendered":"http:\/\/haas-altona.de\/atlantik\/?p=647"},"modified":"2018-05-28T20:43:43","modified_gmt":"2018-05-28T20:43:43","slug":"wl2k-kuchen-im-nebel","status":"publish","type":"post","link":"https:\/\/haas-altona.de\/atlantik\/?p=647","title":{"rendered":"\/\/WL2K Kuchen im Nebel"},"content":{"rendered":"<p>Der Skipper hat sich am Abend mit Kopf- und Ohrenweh und einer Portion Paracetamol in die Koje gehauen. Die Crew hat in der Nacht spontan die Wache aufgeteilt und dem Skipper eine volle Nachtruhe geg\u00f6nnt. Daf\u00fcr ist der sehr dankbar, denn der Schlaf hat die Kopfweh vertrieben. Das Wetter ist anti-tropisch: K\u00fchl und diesig. Immer mal wieder sieht man die Sonne schemenhaft durch den Nebel. Aber zum Nachmittag hin gewinnt das Grau den Wetterwettkampf dieses Tages. Nebel h\u00fcllt uns grau, dunkel und feucht ein. Die Sicht betr\u00e4gt vielleicht noch 500m. Aber hier drau\u00dfen ist das kein Grund zu gro\u00dfer Sorge: Auf dem AIS ist weit und breit nichts zu sehen. Und wir geben entsprechend auch kein Lang-kurz-kurz mit der Tr\u00f6te alle 2 Minuten. Besser die Ohren spitzen und die Lampen einschalten. Die guten Nachricht des Tages ist unser Etmal mit 146nm. Das ist das Beste was wir auf dem T\u00f6rn seit Ponta Delgada geschafft haben. Und in der Nacht werden wir wahrscheinlich die H\u00e4lfte der Strecke nach Brest zur\u00fcckgelegt haben.  Im Vorgriff auf dieses Event gibt\u00b4s Mandelkuchen und hei\u00dfe Getr\u00e4nke. Die Pl\u00e4tze im Cockpit achtern bleiben allerdings leer: Alles dr\u00e4ngt sich unterm Omazelt, alias Sprayhood, und auf der Niedergangstreppe.<\/p>\n","protected":false},"excerpt":{"rendered":"<p>Der Skipper hat sich am Abend mit Kopf- und Ohrenweh und einer Portion Paracetamol in die Koje gehauen. Die Crew hat in der Nacht spontan die Wache aufgeteilt und dem Skipper eine volle Nachtruhe geg\u00f6nnt. Daf\u00fcr ist der sehr dankbar, denn der Schlaf hat die Kopfweh vertrieben. Das Wetter ist anti-tropisch: K\u00fchl und diesig. Immer &hellip; <a href=\"https:\/\/haas-altona.de\/atlantik\/?p=647\" class=\"more-link\"><span class=\"screen-reader-text\">\/\/WL2K Kuchen im Nebel<\/span> weiterlesen<\/a><\/p>\n","protected":false},"author":1,"featured_media":0,"comment_status":"open","ping_status":"open","sticky":false,"template":"","format":"standard","meta":{"footnotes":""},"categories":[1],"tags":[],"class_list":["post-647","post","type-post","status-publish","format-standard","hentry","category-uncategorized"],"_links":{"self":[{"href":"https:\/\/haas-altona.de\/atlantik\/index.php?rest_route=\/wp\/v2\/posts\/647","targetHints":{"allow":["GET"]}}],"collection":[{"href":"https:\/\/haas-altona.de\/atlantik\/index.php?rest_route=\/wp\/v2\/posts"}],"about":[{"href":"https:\/\/haas-altona.de\/atlantik\/index.php?rest_route=\/wp\/v2\/types\/post"}],"author":[{"embeddable":true,"href":"https:\/\/haas-altona.de\/atlantik\/index.php?rest_route=\/wp\/v2\/users\/1"}],"replies":[{"embeddable":true,"href":"https:\/\/haas-altona.de\/atlantik\/index.php?rest_route=%2Fwp%2Fv2%2Fcomments&post=647"}],"version-history":[{"count":0,"href":"https:\/\/haas-altona.de\/atlantik\/index.php?rest_route=\/wp\/v2\/posts\/647\/revisions"}],"wp:attachment":[{"href":"https:\/\/haas-altona.de\/atlantik\/index.php?rest_route=%2Fwp%2Fv2%2Fmedia&parent=647"}],"wp:term":[{"taxonomy":"category","embeddable":true,"href":"https:\/\/haas-altona.de\/atlantik\/index.php?rest_route=%2Fwp%2Fv2%2Fcategories&post=647"},{"taxonomy":"post_tag","embeddable":true,"href":"https:\/\/haas-altona.de\/atlantik\/index.php?rest_route=%2Fwp%2Fv2%2Ftags&post=647"}],"curies":[{"name":"wp","href":"https:\/\/api.w.org\/{rel}","templated":true}]}}