{"id":642,"date":"2018-05-24T01:58:00","date_gmt":"2018-05-24T01:58:00","guid":{"rendered":"http:\/\/haas-altona.de\/atlantik\/?p=642"},"modified":"2018-05-24T16:21:35","modified_gmt":"2018-05-24T16:21:35","slug":"wl2k-nachste-etappe","status":"publish","type":"post","link":"https:\/\/haas-altona.de\/atlantik\/?p=642","title":{"rendered":"\/\/WL2K N\u00e4chste Etappe"},"content":{"rendered":"<p>Den ganzen Tag \u00fcber ist Zora unter der hohen K\u00fcste von Sao Miguel entlanggesegelt. Bei Ponta do Arnel ganz im Osten hat sie dann mit einem wehm\u00fctigen Auge Abschied genommen von den Azoren. Jetzt segelt sie mit einer leichten Brise aus NW in Richtung Brest. Die Crew k\u00e4mpft ein wenig mit den M\u00e4gen, denn w\u00e4hrend der entspannten Tage an Land sind die Seebeine etwas eingerostet. Und die kurze Welle, die gerade gegenan l\u00e4uft  l\u00e4sst das Schiff stampfen und rollen. Die Vorr\u00e4te sind sehr umfangreich wieder aufgef\u00fcllt mit allerlei Goodies, die die Azorencrew im Supermakt in Ponta Delgada eingekauft hat. Auf den etwa 1000 Meilen bis Brest m\u00fcssten wir da richtig schlemmen k\u00f6nnen. Die Atlantikcrew ist schon am Tag zuvor abgereist. Aber wegzukommen ist gar nicht so leicht. Denn in  Lissabon war die Reise erst einmal zu Ende. Ein Streik in Frankreich hat daf\u00fcr gesorgt <a href=\"https:\/\/phonelookupbase.com\/region\/North-Dakota\">North Dakota find phone<\/a> , dass der Flug nach D\u00fcsseldorf gestrichen wurde. Es gab noch nicht einmal einen Stadtbummel. Die TAP hat Rahel und Marcel einfach in ein Billigresort 60km n\u00f6rdlich verfrachtet! Muss man sich so etwas eigentlich gefallen lassen? Da der Skipper gerade auf Wache ist,dieser Text hier schon zu Ende. Allzu lang sollte der nicht am Computer sitzen, auch wenn drau\u00dfen scheinbar gar nichts los ist!<\/p>\n","protected":false},"excerpt":{"rendered":"<p>Den ganzen Tag \u00fcber ist Zora unter der hohen K\u00fcste von Sao Miguel entlanggesegelt. Bei Ponta do Arnel ganz im Osten hat sie dann mit einem wehm\u00fctigen Auge Abschied genommen von den Azoren. Jetzt segelt sie mit einer leichten Brise aus NW in Richtung Brest. Die Crew k\u00e4mpft ein wenig mit den M\u00e4gen, denn w\u00e4hrend &hellip; <a href=\"https:\/\/haas-altona.de\/atlantik\/?p=642\" class=\"more-link\"><span class=\"screen-reader-text\">\/\/WL2K N\u00e4chste Etappe<\/span> weiterlesen<\/a><\/p>\n","protected":false},"author":1,"featured_media":0,"comment_status":"open","ping_status":"open","sticky":false,"template":"","format":"standard","meta":{"footnotes":""},"categories":[1],"tags":[],"class_list":["post-642","post","type-post","status-publish","format-standard","hentry","category-uncategorized"],"_links":{"self":[{"href":"https:\/\/haas-altona.de\/atlantik\/index.php?rest_route=\/wp\/v2\/posts\/642","targetHints":{"allow":["GET"]}}],"collection":[{"href":"https:\/\/haas-altona.de\/atlantik\/index.php?rest_route=\/wp\/v2\/posts"}],"about":[{"href":"https:\/\/haas-altona.de\/atlantik\/index.php?rest_route=\/wp\/v2\/types\/post"}],"author":[{"embeddable":true,"href":"https:\/\/haas-altona.de\/atlantik\/index.php?rest_route=\/wp\/v2\/users\/1"}],"replies":[{"embeddable":true,"href":"https:\/\/haas-altona.de\/atlantik\/index.php?rest_route=%2Fwp%2Fv2%2Fcomments&post=642"}],"version-history":[{"count":0,"href":"https:\/\/haas-altona.de\/atlantik\/index.php?rest_route=\/wp\/v2\/posts\/642\/revisions"}],"wp:attachment":[{"href":"https:\/\/haas-altona.de\/atlantik\/index.php?rest_route=%2Fwp%2Fv2%2Fmedia&parent=642"}],"wp:term":[{"taxonomy":"category","embeddable":true,"href":"https:\/\/haas-altona.de\/atlantik\/index.php?rest_route=%2Fwp%2Fv2%2Fcategories&post=642"},{"taxonomy":"post_tag","embeddable":true,"href":"https:\/\/haas-altona.de\/atlantik\/index.php?rest_route=%2Fwp%2Fv2%2Ftags&post=642"}],"curies":[{"name":"wp","href":"https:\/\/api.w.org\/{rel}","templated":true}]}}