{"id":640,"date":"2018-05-19T08:10:00","date_gmt":"2018-05-19T08:10:00","guid":{"rendered":"http:\/\/haas-altona.de\/atlantik\/?p=640"},"modified":"2018-05-19T09:16:13","modified_gmt":"2018-05-19T09:16:13","slug":"wl2k-crewwechsel","status":"publish","type":"post","link":"https:\/\/haas-altona.de\/atlantik\/?p=640","title":{"rendered":"\/\/WL2K Crewwechsel"},"content":{"rendered":"<p>Es ist 08:00 am Sonnabend, 19. Mai. Wir sind mit 7 Personen unterwegs von Horta nach Ponta Delgada. Der Wind weht aus SW gerade so, dass wir unter Gennaker mit 4 &#8211; 5 Knoten vorankommen. Horta haben wir sehr genossen und mit etwas Wehmut Abschied genommen. Aber auch Sao Miguel soll wundersch\u00f6n sein und am Sonntag erwarten wir B\u00e4rbel, die mit uns in Richtung Frankreich segeln will. Petra und Jochen sind schon an Bord. Bj\u00f6rn  hat entschieden mit dem Flugzeug nachzukommen. Denn Lea ist spontan in Horta aufgekreuzt und mit 8 Personen an Bord w\u00e4re es zu eng. Gestern sind wir durch den Canal de Sao Jorge zwischen Sao Jorge und Pico gefahren und hatten dort keinen Wind. Das h\u00e4tten wir uns eigentlich denken k\u00f6nnen, denn bei S\u00fcdwest ist man dort in der Abdeckung des gro\u00dfen Vulkans. Aber wir haben Wale und Delfine gesehen. Am Abend waren hatte &#8222;El Motor&#8220; dann aus der Abdeckung heraus geschoben und wir  konnten mit einer Backstagbrise durch die Nacht schaukeln. Sehr angenehm! Nun haben wir noch 50 Meilen bis Ponta Delgada und hoffen am Abend dort zu sein.  Ab Dienstag k\u00f6nnten wir in Richtung Frankreich aufbrechen. Allerdings sieht die Wetterlage f\u00fcr den T\u00f6rn wenig freundlich aus: Ein kr\u00e4ftige kleines Tief hat sich vor der Portugiesischen K\u00fcste eingenistet und verst\u00e4rkt sich sogar. Das bringt f\u00fcr den gesamten Vorhersagezeitraum Nordost mit bis zu 40 Knoten&#8230; Wir denkten schon \u00fcber allerlei Pl\u00e4ne B und C nach&#8230; <a href=\"https:\/\/phonelookupbase.com\/region\/New-York-845\">New York 845 find phone<\/a> <\/p>\n","protected":false},"excerpt":{"rendered":"<p>Es ist 08:00 am Sonnabend, 19. Mai. Wir sind mit 7 Personen unterwegs von Horta nach Ponta Delgada. Der Wind weht aus SW gerade so, dass wir unter Gennaker mit 4 &#8211; 5 Knoten vorankommen. Horta haben wir sehr genossen und mit etwas Wehmut Abschied genommen. Aber auch Sao Miguel soll wundersch\u00f6n sein und am &hellip; <a href=\"https:\/\/haas-altona.de\/atlantik\/?p=640\" class=\"more-link\"><span class=\"screen-reader-text\">\/\/WL2K Crewwechsel<\/span> weiterlesen<\/a><\/p>\n","protected":false},"author":1,"featured_media":0,"comment_status":"open","ping_status":"open","sticky":false,"template":"","format":"standard","meta":{"footnotes":""},"categories":[1],"tags":[],"class_list":["post-640","post","type-post","status-publish","format-standard","hentry","category-uncategorized"],"_links":{"self":[{"href":"https:\/\/haas-altona.de\/atlantik\/index.php?rest_route=\/wp\/v2\/posts\/640","targetHints":{"allow":["GET"]}}],"collection":[{"href":"https:\/\/haas-altona.de\/atlantik\/index.php?rest_route=\/wp\/v2\/posts"}],"about":[{"href":"https:\/\/haas-altona.de\/atlantik\/index.php?rest_route=\/wp\/v2\/types\/post"}],"author":[{"embeddable":true,"href":"https:\/\/haas-altona.de\/atlantik\/index.php?rest_route=\/wp\/v2\/users\/1"}],"replies":[{"embeddable":true,"href":"https:\/\/haas-altona.de\/atlantik\/index.php?rest_route=%2Fwp%2Fv2%2Fcomments&post=640"}],"version-history":[{"count":0,"href":"https:\/\/haas-altona.de\/atlantik\/index.php?rest_route=\/wp\/v2\/posts\/640\/revisions"}],"wp:attachment":[{"href":"https:\/\/haas-altona.de\/atlantik\/index.php?rest_route=%2Fwp%2Fv2%2Fmedia&parent=640"}],"wp:term":[{"taxonomy":"category","embeddable":true,"href":"https:\/\/haas-altona.de\/atlantik\/index.php?rest_route=%2Fwp%2Fv2%2Fcategories&post=640"},{"taxonomy":"post_tag","embeddable":true,"href":"https:\/\/haas-altona.de\/atlantik\/index.php?rest_route=%2Fwp%2Fv2%2Ftags&post=640"}],"curies":[{"name":"wp","href":"https:\/\/api.w.org\/{rel}","templated":true}]}}