{"id":614,"date":"2018-05-12T23:29:00","date_gmt":"2018-05-12T23:29:00","guid":{"rendered":"http:\/\/haas-altona.de\/atlantik\/?p=614"},"modified":"2018-05-12T23:56:49","modified_gmt":"2018-05-12T23:56:49","slug":"wl2k-12-tag-auf-see","status":"publish","type":"post","link":"https:\/\/haas-altona.de\/atlantik\/?p=614","title":{"rendered":"\/\/WL2K 12. Tag auf See"},"content":{"rendered":"<p> Langsam setzt bei allen an Bord eine gewisse Ersch\u00f6pfung ein. Das hat auch damit zu tun, dass wir frustrierend langsam voran kommen. Marcel musste sich offiziell von seiner optimistischen Prognose unserer Ankunft noch am Sonntag verabschieden: Wenn jetzt noch der Wind auf S\u00fcd dreht und zulegt, dann&#8230; Aber der Wind kommt genau daher, wo wir hinwollen. Noch dazu ist er eher launisch, mal kr\u00e4ftig, mal lau. Hier 200 Meilen westlich der Azoren scheinen sich auch die Wellen aller Wettersysteme, westlich, \u00f6stlich, n\u00f6rdlich und s\u00fcdlich von uns zu mischen. Das Schiff rollt, stampft und giert gleichzeitig. In den N\u00e4chten im Cockpit ist es kalt. Unter Deck ist es warm aber mieft m\u00e4chtig von vier Leuten und ihrer W\u00e4sche, die fast zwei Wochen keine Dusche gesehen haben. Leider k\u00f6nnen wir auch die Luken im Vorschiff zurzeit nicht \u00f6ffnen: zuviel Wasser an Deck. Auf der positiven Seite gibt es zu berichten, dass Rahel gestern zur Freude aller Schokobr\u00f6tchen gebacken hat. Und heute fr\u00fch hat der Skipper mit einem sehr gelungenen Sonnenblumenbrot nachgelegt. Wir hatten wieder Besuch von Delphinen und Rahel hat eine Schildkr\u00f6te und eine Flaschenpost gesichtet. Leider hatten wir keinen Kescher zur Hand um die Flaschenpost rauszufischen. Nach Flores sind es noch 77 Meilen. Wir werden also vermutlich in der Nacht daran vorbeifahren und die Insel nicht sehen. Vielleicht aber werden wir das kr\u00e4ftige Leuchtfeuer, Ponta das Lajes, ausmachen, das eine Tragweite von 26 Meilen hat und 3 wei\u00dfe Blitze alle 28s aussendet. <\/p>\n","protected":false},"excerpt":{"rendered":"<p>Langsam setzt bei allen an Bord eine gewisse Ersch\u00f6pfung ein. Das hat auch damit zu tun, dass wir frustrierend langsam voran kommen. Marcel musste sich offiziell von seiner optimistischen Prognose unserer Ankunft noch am Sonntag verabschieden: Wenn jetzt noch der Wind auf S\u00fcd dreht und zulegt, dann&#8230; Aber der Wind kommt genau daher, wo wir &hellip; <a href=\"https:\/\/haas-altona.de\/atlantik\/?p=614\" class=\"more-link\"><span class=\"screen-reader-text\">\/\/WL2K 12. Tag auf See<\/span> weiterlesen<\/a><\/p>\n","protected":false},"author":1,"featured_media":0,"comment_status":"open","ping_status":"open","sticky":false,"template":"","format":"standard","meta":{"footnotes":""},"categories":[1],"tags":[],"class_list":["post-614","post","type-post","status-publish","format-standard","hentry","category-uncategorized"],"_links":{"self":[{"href":"https:\/\/haas-altona.de\/atlantik\/index.php?rest_route=\/wp\/v2\/posts\/614","targetHints":{"allow":["GET"]}}],"collection":[{"href":"https:\/\/haas-altona.de\/atlantik\/index.php?rest_route=\/wp\/v2\/posts"}],"about":[{"href":"https:\/\/haas-altona.de\/atlantik\/index.php?rest_route=\/wp\/v2\/types\/post"}],"author":[{"embeddable":true,"href":"https:\/\/haas-altona.de\/atlantik\/index.php?rest_route=\/wp\/v2\/users\/1"}],"replies":[{"embeddable":true,"href":"https:\/\/haas-altona.de\/atlantik\/index.php?rest_route=%2Fwp%2Fv2%2Fcomments&post=614"}],"version-history":[{"count":0,"href":"https:\/\/haas-altona.de\/atlantik\/index.php?rest_route=\/wp\/v2\/posts\/614\/revisions"}],"wp:attachment":[{"href":"https:\/\/haas-altona.de\/atlantik\/index.php?rest_route=%2Fwp%2Fv2%2Fmedia&parent=614"}],"wp:term":[{"taxonomy":"category","embeddable":true,"href":"https:\/\/haas-altona.de\/atlantik\/index.php?rest_route=%2Fwp%2Fv2%2Fcategories&post=614"},{"taxonomy":"post_tag","embeddable":true,"href":"https:\/\/haas-altona.de\/atlantik\/index.php?rest_route=%2Fwp%2Fv2%2Ftags&post=614"}],"curies":[{"name":"wp","href":"https:\/\/api.w.org\/{rel}","templated":true}]}}