{"id":568,"date":"2018-04-09T11:12:20","date_gmt":"2018-04-09T11:12:20","guid":{"rendered":"http:\/\/haas-altona.de\/atlantik\/?p=568"},"modified":"2018-04-09T11:15:16","modified_gmt":"2018-04-09T11:15:16","slug":"die-ferienfabrik","status":"publish","type":"post","link":"https:\/\/haas-altona.de\/atlantik\/?p=568","title":{"rendered":"Die Ferienfabrik"},"content":{"rendered":"<p>In Saman\u00e1 hat die Zora den Absprungspunkt f\u00fcr die Reise zur\u00fcck \u00fcber den Atlantik erreicht. Die soll Mitte April beginnen und bis dahin ist noch etwas Zeit.<\/p>\n<figure id=\"attachment_570\" aria-describedby=\"caption-attachment-570\" style=\"width: 4608px\" class=\"wp-caption aligncenter\"><a href=\"http:\/\/haas-altona.de\/atlantik\/wp-content\/uploads\/2018\/04\/DSCN0795.jpg\"><img loading=\"lazy\" decoding=\"async\" class=\"size-full wp-image-570\" src=\"http:\/\/haas-altona.de\/atlantik\/wp-content\/uploads\/2018\/04\/DSCN0795.jpg\" alt=\"\" width=\"4608\" height=\"3456\" srcset=\"https:\/\/haas-altona.de\/atlantik\/wp-content\/uploads\/2018\/04\/DSCN0795.jpg 4608w, https:\/\/haas-altona.de\/atlantik\/wp-content\/uploads\/2018\/04\/DSCN0795-300x225.jpg 300w, https:\/\/haas-altona.de\/atlantik\/wp-content\/uploads\/2018\/04\/DSCN0795-768x576.jpg 768w, https:\/\/haas-altona.de\/atlantik\/wp-content\/uploads\/2018\/04\/DSCN0795-1024x768.jpg 1024w\" sizes=\"auto, (max-width: 4608px) 100vw, 4608px\" \/><\/a><figcaption id=\"caption-attachment-570\" class=\"wp-caption-text\">Marina Puerto Bahia in Saman\u00e1<\/figcaption><\/figure>\n<p>Zun\u00e4chst reist Ada an mit Flugzeug nach Punta Cana. Von Saman\u00e1 sind das 300 Kilometer. Wir haben ein Auto gemietet und wollen sie abholen. \u00dcbers Autofahren in der DomRep haben wir viel Warnendes geh\u00f6rt und gelesen. Wir probieren also erst einmal eine kleine Tagestour ans Ende der Halbinsel. Mit der ausgezeichneten OSMAnd App auf dem Handy des Skippers f\u00fchlen wir uns gegen das Verirren ger\u00fcstet. Denn in der Tat: Die Beschilderung der Stra\u00dfen ist eher zuf\u00e4llig. Auch die um uns herum flitzenden Motorr\u00e4der und die zahlreichen Schlagl\u00f6cher sind gew\u00f6hnungsbed\u00fcrftig. Im Gro\u00dfen und ganzen finden wir die Situation allerdings weniger schwierig als die Berichte vermuten lie\u00dfen.<\/p>\n<figure id=\"attachment_569\" aria-describedby=\"caption-attachment-569\" style=\"width: 4608px\" class=\"wp-caption aligncenter\"><a href=\"http:\/\/haas-altona.de\/atlantik\/wp-content\/uploads\/2018\/04\/DSCN0766.jpg\"><img loading=\"lazy\" decoding=\"async\" class=\"wp-image-569 size-full\" src=\"http:\/\/haas-altona.de\/atlantik\/wp-content\/uploads\/2018\/04\/DSCN0766.jpg\" alt=\"\" width=\"4608\" height=\"2592\" srcset=\"https:\/\/haas-altona.de\/atlantik\/wp-content\/uploads\/2018\/04\/DSCN0766.jpg 4608w, https:\/\/haas-altona.de\/atlantik\/wp-content\/uploads\/2018\/04\/DSCN0766-300x169.jpg 300w, https:\/\/haas-altona.de\/atlantik\/wp-content\/uploads\/2018\/04\/DSCN0766-768x432.jpg 768w, https:\/\/haas-altona.de\/atlantik\/wp-content\/uploads\/2018\/04\/DSCN0766-1024x576.jpg 1024w\" sizes=\"auto, (max-width: 4608px) 100vw, 4608px\" \/><\/a><figcaption id=\"caption-attachment-569\" class=\"wp-caption-text\">Strand in Las Galeras auf der Saman\u00e1 Halbinsel<\/figcaption><\/figure>\n<p>So machen wir uns am folgenden Tag auf die Reise nach Punta Cana. Die Fahrt verl\u00e4uft v\u00f6llig unproblematisch, denn der gr\u00f6\u00dfte Teil der Strecke ist eine Mautstra\u00dfe, die sich in bestem Zustand befindet und auf der kaum Autos unterwegs sind, daf\u00fcr umso mehr Motorr\u00e4der und Reiter auf Pferden &#8211; die allerdings nur auf dem Standstreifen, wo sie uns nicht st\u00f6ren.<\/p>\n<figure id=\"attachment_571\" aria-describedby=\"caption-attachment-571\" style=\"width: 4608px\" class=\"wp-caption aligncenter\"><a href=\"http:\/\/haas-altona.de\/atlantik\/wp-content\/uploads\/2018\/04\/DSCN0759.jpg\"><img loading=\"lazy\" decoding=\"async\" class=\"wp-image-571 size-full\" src=\"http:\/\/haas-altona.de\/atlantik\/wp-content\/uploads\/2018\/04\/DSCN0759.jpg\" alt=\"\" width=\"4608\" height=\"2592\" srcset=\"https:\/\/haas-altona.de\/atlantik\/wp-content\/uploads\/2018\/04\/DSCN0759.jpg 4608w, https:\/\/haas-altona.de\/atlantik\/wp-content\/uploads\/2018\/04\/DSCN0759-300x169.jpg 300w, https:\/\/haas-altona.de\/atlantik\/wp-content\/uploads\/2018\/04\/DSCN0759-768x432.jpg 768w, https:\/\/haas-altona.de\/atlantik\/wp-content\/uploads\/2018\/04\/DSCN0759-1024x576.jpg 1024w\" sizes=\"auto, (max-width: 4608px) 100vw, 4608px\" \/><\/a><figcaption id=\"caption-attachment-571\" class=\"wp-caption-text\">Ankerbucht von Santa Barbara de Saman\u00e1<\/figcaption><\/figure>\n<p>Nach dem zwar wuseligen aber l\u00e4ndlichen Saman\u00e1 gelangen wir in Punta Cana in eine v\u00f6llig andere Welt. Das erste Geb\u00e4ude am Ende der Mautstra\u00dfe ist die &#8222;Blue Mall&#8220;, in der wir einen Kaffee zu uns nehmen, denn wir sind aufgrund der unproblematischen Stra\u00dfenverh\u00e4ltnisse viel zu fr\u00fch da. In der Mall reiht sich eine teure Boutique an die n\u00e4chste. Nach den Preisen hier richtet sich das Angebot in diesem Konsumtempel eher nicht an die Einwohner der DomRep, deren durchschnittlicher Monatslohn bei etwas 400 Euro liegt. Auch wir k\u00f6nnen bei manchen dieser Preise nicht mithalten: Eine h\u00fcbschen Badehose, die Gesa dem Skipper schenken m\u00f6chte, wird an der Kasse mit 250 US Dollar aufgerufen und wandert folglich wieder ins Shopregal. F\u00fcr den Eiskaffee im Santo Domingo Coffee Shop reichen unsere Finanzen gerade noch. Au\u00dferdem verfolgen wir auf einem riesigen Flachbildschirm das Champions League Spiel zwischen Roma und Barcelona. Der Skipper kann sogar das Kampflied der R\u00f6mer schmettern&#8230; allerdings mit leicht ver\u00e4ndertem Text!<\/p>\n<figure id=\"attachment_573\" aria-describedby=\"caption-attachment-573\" style=\"width: 4608px\" class=\"wp-caption aligncenter\"><a href=\"http:\/\/haas-altona.de\/atlantik\/wp-content\/uploads\/2018\/04\/DSCN0789.jpg\"><img loading=\"lazy\" decoding=\"async\" class=\"wp-image-573 size-full\" src=\"http:\/\/haas-altona.de\/atlantik\/wp-content\/uploads\/2018\/04\/DSCN0789.jpg\" alt=\"\" width=\"4608\" height=\"3456\" srcset=\"https:\/\/haas-altona.de\/atlantik\/wp-content\/uploads\/2018\/04\/DSCN0789.jpg 4608w, https:\/\/haas-altona.de\/atlantik\/wp-content\/uploads\/2018\/04\/DSCN0789-300x225.jpg 300w, https:\/\/haas-altona.de\/atlantik\/wp-content\/uploads\/2018\/04\/DSCN0789-768x576.jpg 768w, https:\/\/haas-altona.de\/atlantik\/wp-content\/uploads\/2018\/04\/DSCN0789-1024x768.jpg 1024w\" sizes=\"auto, (max-width: 4608px) 100vw, 4608px\" \/><\/a><figcaption id=\"caption-attachment-573\" class=\"wp-caption-text\">Eine Flotte von Bussen erwartet bleiche Reisende in Punta Cana<\/figcaption><\/figure>\n<p>Am Flughafen erwartet uns dann ein Terminal, das wie eine gigantische Strandh\u00fctte aussieht: St\u00e4nderkonstruktion aus Palmenholz und mit Lemongras gedeckt. Ganz dezent erkennt man beim genauen Hinsehen eine st\u00fctzende Stahlkonstruktion. Die Flieger landen im 10-Minuten Takt: New York, Z\u00fcrich, Moskau, D\u00fcsseldorf. Bleiche Reisende str\u00f6men aus dem Terminal und werden sofort von eifrigen Dominikanern in Flotten von Reisebussen geschleust, die sie dann zu einem der zahllosen Strandresorts kutschieren. Unter allen diesen hunderten Strandtouristen k\u00f6nnen wir schlie\u00dflich unsere Tocher Ada ausmachen, die mit ihrem Rucksack zwischen all den Leuten mit Rollkoffern heraussticht.<\/p>\n<figure id=\"attachment_572\" aria-describedby=\"caption-attachment-572\" style=\"width: 4608px\" class=\"wp-caption aligncenter\"><a href=\"http:\/\/haas-altona.de\/atlantik\/wp-content\/uploads\/2018\/04\/DSCN0792.jpg\"><img loading=\"lazy\" decoding=\"async\" class=\"size-full wp-image-572\" src=\"http:\/\/haas-altona.de\/atlantik\/wp-content\/uploads\/2018\/04\/DSCN0792.jpg\" alt=\"\" width=\"4608\" height=\"3456\" srcset=\"https:\/\/haas-altona.de\/atlantik\/wp-content\/uploads\/2018\/04\/DSCN0792.jpg 4608w, https:\/\/haas-altona.de\/atlantik\/wp-content\/uploads\/2018\/04\/DSCN0792-300x225.jpg 300w, https:\/\/haas-altona.de\/atlantik\/wp-content\/uploads\/2018\/04\/DSCN0792-768x576.jpg 768w, https:\/\/haas-altona.de\/atlantik\/wp-content\/uploads\/2018\/04\/DSCN0792-1024x768.jpg 1024w\" sizes=\"auto, (max-width: 4608px) 100vw, 4608px\" \/><\/a><figcaption id=\"caption-attachment-572\" class=\"wp-caption-text\">Ada kommt an in Punta Cana<\/figcaption><\/figure>\n<p>Auch wir haben f\u00fcr eine Nacht ein Hotel hier gebucht, denn wir wollen nicht im Dunkeln durch die DomRep geistern. Der Weg zu unserem Hotel f\u00fchrt an einer nicht enden wollenden Kette von riesigen Resorts vorbei. Die ensprechenden Namen zu finden muss eine echte Herausforderung gewesen sein: Hotel Punta Cana, Grand Palladium Punta Cana, Paradisus Palma, Sirenis Punta Cana&#8230; Wir nehmen mit dem Capri Beach Hotel in Bavaro vorlieb, etwas abseits gelegen in einer heruntergekommenen Nebenstra\u00dfe aber direkt am Strand: Die Bewertungen waren gut und der Preis g\u00fcnstig. Expedia macht\u00b4s m\u00f6glich. Der Verk\u00e4ufer vom Giftshop nebenan hilft uns beim Einparken. F\u00fcr ein paar Euro sorgt er daf\u00fcr, dass unserem Auto nichts passiert. So k\u00f6nnen wir einen entspannten Abend bei einer k\u00f6stlichen Paella und eiskaltem Presidente Bier mit Blick auf die Mona Passage genie\u00dfen.<\/p>\n","protected":false},"excerpt":{"rendered":"<p>In Saman\u00e1 hat die Zora den Absprungspunkt f\u00fcr die Reise zur\u00fcck \u00fcber den Atlantik erreicht. Die soll Mitte April beginnen und bis dahin ist noch etwas Zeit. Zun\u00e4chst reist Ada an mit Flugzeug nach Punta Cana. Von Saman\u00e1 sind das 300 Kilometer. Wir haben ein Auto gemietet und wollen sie abholen. \u00dcbers Autofahren in der &hellip; <a href=\"https:\/\/haas-altona.de\/atlantik\/?p=568\" class=\"more-link\"><span class=\"screen-reader-text\">Die Ferienfabrik<\/span> weiterlesen<\/a><\/p>\n","protected":false},"author":1,"featured_media":0,"comment_status":"open","ping_status":"open","sticky":false,"template":"","format":"standard","meta":{"footnotes":""},"categories":[1],"tags":[],"class_list":["post-568","post","type-post","status-publish","format-standard","hentry","category-uncategorized"],"_links":{"self":[{"href":"https:\/\/haas-altona.de\/atlantik\/index.php?rest_route=\/wp\/v2\/posts\/568","targetHints":{"allow":["GET"]}}],"collection":[{"href":"https:\/\/haas-altona.de\/atlantik\/index.php?rest_route=\/wp\/v2\/posts"}],"about":[{"href":"https:\/\/haas-altona.de\/atlantik\/index.php?rest_route=\/wp\/v2\/types\/post"}],"author":[{"embeddable":true,"href":"https:\/\/haas-altona.de\/atlantik\/index.php?rest_route=\/wp\/v2\/users\/1"}],"replies":[{"embeddable":true,"href":"https:\/\/haas-altona.de\/atlantik\/index.php?rest_route=%2Fwp%2Fv2%2Fcomments&post=568"}],"version-history":[{"count":3,"href":"https:\/\/haas-altona.de\/atlantik\/index.php?rest_route=\/wp\/v2\/posts\/568\/revisions"}],"predecessor-version":[{"id":576,"href":"https:\/\/haas-altona.de\/atlantik\/index.php?rest_route=\/wp\/v2\/posts\/568\/revisions\/576"}],"wp:attachment":[{"href":"https:\/\/haas-altona.de\/atlantik\/index.php?rest_route=%2Fwp%2Fv2%2Fmedia&parent=568"}],"wp:term":[{"taxonomy":"category","embeddable":true,"href":"https:\/\/haas-altona.de\/atlantik\/index.php?rest_route=%2Fwp%2Fv2%2Fcategories&post=568"},{"taxonomy":"post_tag","embeddable":true,"href":"https:\/\/haas-altona.de\/atlantik\/index.php?rest_route=%2Fwp%2Fv2%2Ftags&post=568"}],"curies":[{"name":"wp","href":"https:\/\/api.w.org\/{rel}","templated":true}]}}