{"id":471,"date":"2018-02-11T11:47:26","date_gmt":"2018-02-11T11:47:26","guid":{"rendered":"http:\/\/haas-altona.de\/atlantik\/?p=471"},"modified":"2018-02-11T11:47:26","modified_gmt":"2018-02-11T11:47:26","slug":"knistern-in-der-bilge","status":"publish","type":"post","link":"https:\/\/haas-altona.de\/atlantik\/?p=471","title":{"rendered":"Knistern in der Bilge"},"content":{"rendered":"<p>Der Kran \u00e4chzt und knarrt. Der Kranfahrer, auf Franz\u00f6sisch &#8222;Grutier&#8220;, macht ein \u00e4rgerliches Gesicht und fummelt an seiner Fernbedienung. Aber alles umsonst. Jedesmal, wenn der vordere Gurt den Kiel einen halben Meter angehoben hat, gibt es einen Alarm wegen \u00dcberlast und der Kiel sinkt langsam wieder zu Boden.<\/p>\n<p>Der Skipper erkl\u00e4rt dem Grutier, dass am Morgen desselben Tages das Schiff ohne Probleme aus dem Wasser gekommen sei. Da sei die Lastverteilung zwischen vorne und hinten anders gewesen. Das Schiff habe weiter hinten in den Schlingen gehangen. Der Grutier h\u00f6rt nicht zu sondern versucht ein St\u00fcck zu fahren, w\u00e4hrend das Schiff langsam zu Boden sinkt. Wir sollen jeweils rechtzeitig einen Holzklotz unter den Kiel schieben. Nach zwei Versuchen, die uns nur wenige Meter voran bringen aber das Schiff in furchterregendes Schaukeln versetzen,\u00a0 hat schlie\u00dflich der Grutier ein Einsehen: Das Schiff wird nochmal aufgepallt, die Schlingen werden um einen halben Meter verschoben und danach kann Zora ohne weitere Schwierigkeiten zu Wasser gehen.<\/p>\n<p>Doch die Geschichte sollte von Anfang an erz\u00e4hlt werden: In unseren ersten Tag an Bord auf Martinique war uns aufgefallen, dass man in ruhigen Momenten, z. B. am Abend vor Anker, ein eigenartiges Knistern aus der Bilge h\u00f6ren konnte. Es h\u00f6rte sich an wie wenn jemand die kleinen Blasen von Luftpolsterfolie platzen l\u00e4\u00dft, ein Hobby \u00fcbrigens, dem Gesa mit Leidenschaft nachgeht. Ein solches Ger\u00e4usch hatten wir an Bord bisher nicht geh\u00f6rt. Der Skipper hatte sich dar\u00fcber eine Weile den Kopf zerbrochen und das Knistern dann als das Ergebnis von vielen Schraubenger\u00e4uschen in weiter Ferne interpretiert. Irgendwann stellte nat\u00fcrlich auch Gesa die Frage, was das Ger\u00e4usch wohl sein k\u00f6nne und der Skipper antwortete spontan: &#8222;Das sind die kleinen Muscheln, die am Rumpf wachsen.&#8220; Denn in der Tat begann sich unser Schiff einen Bart zuzulegen, der schneller zu wachsen schien als der im Gesicht der Besatzung.<\/p>\n<figure id=\"attachment_474\" aria-describedby=\"caption-attachment-474\" style=\"width: 4608px\" class=\"wp-caption aligncenter\"><a href=\"http:\/\/haas-altona.de\/atlantik\/wp-content\/uploads\/2018\/02\/DSCN0299.jpg\"><img loading=\"lazy\" decoding=\"async\" class=\"size-full wp-image-474\" src=\"http:\/\/haas-altona.de\/atlantik\/wp-content\/uploads\/2018\/02\/DSCN0299.jpg\" alt=\"\" width=\"4608\" height=\"3456\" srcset=\"https:\/\/haas-altona.de\/atlantik\/wp-content\/uploads\/2018\/02\/DSCN0299.jpg 4608w, https:\/\/haas-altona.de\/atlantik\/wp-content\/uploads\/2018\/02\/DSCN0299-300x225.jpg 300w, https:\/\/haas-altona.de\/atlantik\/wp-content\/uploads\/2018\/02\/DSCN0299-768x576.jpg 768w, https:\/\/haas-altona.de\/atlantik\/wp-content\/uploads\/2018\/02\/DSCN0299-1024x768.jpg 1024w\" sizes=\"auto, (max-width: 4608px) 100vw, 4608px\" \/><\/a><figcaption id=\"caption-attachment-474\" class=\"wp-caption-text\">Zora hat sich einen Bart zugelegt, der besonders abends knistert!<\/figcaption><\/figure>\n<p>Die Tradewind Crew hatte unterwegs an einem Flautentag das Schiff noch einmal ordentlich geschrubbt und auch der Skipper hatte nach der Ankunft auf Martinique beim Baden die Schrubberb\u00fcrste geschwungen. Aber 15 Tonnen Schiff haben eine ziemlich gro\u00dfe Oberfl\u00e4che und unsere blinden Passagiere au\u00dfenbords hatten auch gar nicht die Absicht sich einfach vertreiben zu lassen. So reifte der Plan an einem geeigneten Ort an Land zu gehen und die Unterwasserfarbe zu erneuern. Diese war n\u00e4mlich schon einige Jahre alt, nicht f\u00fcr tropische Gew\u00e4sser gemacht und Zoras letzter Landaufenthalt lag schon zwei Jahre zur\u00fcck. Vielleicht sollte man auch mal die Anoden kontrollieren, die Ruderlager schmieren und eine generelle Inspektion durchf\u00fchren.<br \/>\nDer Hafen in Point-\u00e0-Pitre schien f\u00fcr diese \u00dcbung ideal. Denn dort gibt es eine ordentliche Werft mit viel Infrastruktur und gleich eine ganze Reihe Ausr\u00fcster bei denen wir Material erwerben wollten. Einziges Hindernis: In der Capitainerie erkl\u00e4rte man uns, die Werft sei auf Wochen ausgebucht. Man wolle uns allenfalls auf die Warteliste setzen.<br \/>\nNachdem der Wetterbericht f\u00fcr die kommenden Tage ein ordentliches Windfeld vorhersagte mit teilweise \u00fcber 30 Knoten, entschlo\u00df sich die Crew, dass man ja mal ein paar Tage warten k\u00f6nne. Vielleicht w\u00fcrde sich eine M\u00f6glichkeit ergeben. Dann drehte der Skipper noch eine Runde durch die Werft. Nach zwei Tagen Warten hatte sich an der Warteliste nichts ver\u00e4ndert, allerdings bekamen wir den Rat doch mal direkt mit dem Vorarbeiter zu reden. Vielleicht ginge da ja was. Und in der Tat: Nach etwas Kl\u00f6nschnack, gutem Zureden auf Franz\u00f6sisch und der Versicherung, dass wir tats\u00e4chlich nur 8 Stunden ben\u00f6tigten, hie\u00df es: Kommt morgen fr\u00fch um Acht. Einen Helfer zum K\u00e4rchern etc. m\u00fcssten wir aber selber organisieren.<br \/>\nDieser Helfer war schnell gefunden, denn am Hafen hatten wir bereits mit Ian aus Dominica gesprochen, der sich mit allerlei Gelegenheitsarbeiten an Schiffen \u00fcber Wasser hielt, ein weiteres Opfer von Hurricane Maria. Ian sagte sofort zu und stand dann auch p\u00fcnktlich am n\u00e4chsten Morgen am Schiff. Nat\u00fcrlich konnten wir nicht wie versprochen um 8:00 kranen, denn vorher mussten noch allerlei Schiffe wieder ins Wasser gesetzt werden.<\/p>\n<figure id=\"attachment_473\" aria-describedby=\"caption-attachment-473\" style=\"width: 4608px\" class=\"wp-caption aligncenter\"><a href=\"http:\/\/haas-altona.de\/atlantik\/wp-content\/uploads\/2018\/02\/DSCN0298.jpg\"><img loading=\"lazy\" decoding=\"async\" class=\"size-full wp-image-473\" src=\"http:\/\/haas-altona.de\/atlantik\/wp-content\/uploads\/2018\/02\/DSCN0298.jpg\" alt=\"\" width=\"4608\" height=\"3456\" srcset=\"https:\/\/haas-altona.de\/atlantik\/wp-content\/uploads\/2018\/02\/DSCN0298.jpg 4608w, https:\/\/haas-altona.de\/atlantik\/wp-content\/uploads\/2018\/02\/DSCN0298-300x225.jpg 300w, https:\/\/haas-altona.de\/atlantik\/wp-content\/uploads\/2018\/02\/DSCN0298-768x576.jpg 768w, https:\/\/haas-altona.de\/atlantik\/wp-content\/uploads\/2018\/02\/DSCN0298-1024x768.jpg 1024w\" sizes=\"auto, (max-width: 4608px) 100vw, 4608px\" \/><\/a><figcaption id=\"caption-attachment-473\" class=\"wp-caption-text\">Zora auf Werft in Pont-\u00e0-Pitre<\/figcaption><\/figure>\n<p>Aber um 10:00 stand Zora dann tats\u00e4chlich sehr sorgf\u00e4ltig aufgepallt an Land. Und zur \u00dcberraschung der meisten neugierigen Mitstreiter der umliegenden Schiffe war Zora auch tats\u00e4chlich rechtzeitig fertig um p\u00fcnktlich wieder zu Wasser zu gehen. In nur etwas unter 6 Stunden hatte die Crew der Zora zusammen mit Helfer Ian das Schiff gek\u00e4rchert, trocknen lassen, mehrere Stellen grundiert, den Propeller geb\u00fcrstet, die Anoden gereinigt, die Ruderlager abgeschmiert und dann komplett gemalt. Die Zeit reichte sogar noch um mittags eine Pizza zu essen und am Nachmittag gem\u00fctlich mit Ian im Cockpit einen Kaffee zu trinken und den anderen beim Arbeiten zuzuschauen.<\/p>\n<figure id=\"attachment_472\" aria-describedby=\"caption-attachment-472\" style=\"width: 3264px\" class=\"wp-caption aligncenter\"><a href=\"http:\/\/haas-altona.de\/atlantik\/wp-content\/uploads\/2018\/02\/IMG_2460.jpg\"><img loading=\"lazy\" decoding=\"async\" class=\"size-full wp-image-472\" src=\"http:\/\/haas-altona.de\/atlantik\/wp-content\/uploads\/2018\/02\/IMG_2460.jpg\" alt=\"\" width=\"3264\" height=\"2448\" srcset=\"https:\/\/haas-altona.de\/atlantik\/wp-content\/uploads\/2018\/02\/IMG_2460.jpg 3264w, https:\/\/haas-altona.de\/atlantik\/wp-content\/uploads\/2018\/02\/IMG_2460-300x225.jpg 300w, https:\/\/haas-altona.de\/atlantik\/wp-content\/uploads\/2018\/02\/IMG_2460-768x576.jpg 768w, https:\/\/haas-altona.de\/atlantik\/wp-content\/uploads\/2018\/02\/IMG_2460-1024x768.jpg 1024w\" sizes=\"auto, (max-width: 3264px) 100vw, 3264px\" \/><\/a><figcaption id=\"caption-attachment-472\" class=\"wp-caption-text\">Ian und Tobias haben Zora gemalt<\/figcaption><\/figure>\n<p>Tja, fast perfekt, w\u00e4re da nicht die Tatsache, dass durch die heftigen Kranman\u00f6ver unser Windgenerator gegen die Traverse geditscht war und nun neue Fl\u00fcgel f\u00e4llig sind. Immerhin hat die Werft die Kosten daf\u00fcr erstattet. Fragt sich nun nur wie wir auf Guadeloupe an neue Bl\u00e4tter f\u00fcr unseren Silentwind gelangen.<br \/>\nAch ja, das Knistern: Das ist nun tats\u00e4chlich nach dem Reinigen und Malen verschwunden! Jetzt haben wir einige Tausend blinde Passagiere weniger.<\/p>\n<figure id=\"attachment_475\" aria-describedby=\"caption-attachment-475\" style=\"width: 4608px\" class=\"wp-caption aligncenter\"><a href=\"http:\/\/haas-altona.de\/atlantik\/wp-content\/uploads\/2018\/02\/DSCN0301.jpg\"><img loading=\"lazy\" decoding=\"async\" class=\"size-full wp-image-475\" src=\"http:\/\/haas-altona.de\/atlantik\/wp-content\/uploads\/2018\/02\/DSCN0301.jpg\" alt=\"\" width=\"4608\" height=\"3456\" srcset=\"https:\/\/haas-altona.de\/atlantik\/wp-content\/uploads\/2018\/02\/DSCN0301.jpg 4608w, https:\/\/haas-altona.de\/atlantik\/wp-content\/uploads\/2018\/02\/DSCN0301-300x225.jpg 300w, https:\/\/haas-altona.de\/atlantik\/wp-content\/uploads\/2018\/02\/DSCN0301-768x576.jpg 768w, https:\/\/haas-altona.de\/atlantik\/wp-content\/uploads\/2018\/02\/DSCN0301-1024x768.jpg 1024w\" sizes=\"auto, (max-width: 4608px) 100vw, 4608px\" \/><\/a><figcaption id=\"caption-attachment-475\" class=\"wp-caption-text\">Zora fertig gemalt mit edlen 4 l Seahawk Island 77 auf der Haut<\/figcaption><\/figure>\n","protected":false},"excerpt":{"rendered":"<p>Der Kran \u00e4chzt und knarrt. Der Kranfahrer, auf Franz\u00f6sisch &#8222;Grutier&#8220;, macht ein \u00e4rgerliches Gesicht und fummelt an seiner Fernbedienung. Aber alles umsonst. Jedesmal, wenn der vordere Gurt den Kiel einen halben Meter angehoben hat, gibt es einen Alarm wegen \u00dcberlast und der Kiel sinkt langsam wieder zu Boden. Der Skipper erkl\u00e4rt dem Grutier, dass am &hellip; <a href=\"https:\/\/haas-altona.de\/atlantik\/?p=471\" class=\"more-link\"><span class=\"screen-reader-text\">Knistern in der Bilge<\/span> weiterlesen<\/a><\/p>\n","protected":false},"author":1,"featured_media":0,"comment_status":"open","ping_status":"open","sticky":false,"template":"","format":"standard","meta":{"footnotes":""},"categories":[1],"tags":[],"class_list":["post-471","post","type-post","status-publish","format-standard","hentry","category-uncategorized"],"_links":{"self":[{"href":"https:\/\/haas-altona.de\/atlantik\/index.php?rest_route=\/wp\/v2\/posts\/471","targetHints":{"allow":["GET"]}}],"collection":[{"href":"https:\/\/haas-altona.de\/atlantik\/index.php?rest_route=\/wp\/v2\/posts"}],"about":[{"href":"https:\/\/haas-altona.de\/atlantik\/index.php?rest_route=\/wp\/v2\/types\/post"}],"author":[{"embeddable":true,"href":"https:\/\/haas-altona.de\/atlantik\/index.php?rest_route=\/wp\/v2\/users\/1"}],"replies":[{"embeddable":true,"href":"https:\/\/haas-altona.de\/atlantik\/index.php?rest_route=%2Fwp%2Fv2%2Fcomments&post=471"}],"version-history":[{"count":1,"href":"https:\/\/haas-altona.de\/atlantik\/index.php?rest_route=\/wp\/v2\/posts\/471\/revisions"}],"predecessor-version":[{"id":476,"href":"https:\/\/haas-altona.de\/atlantik\/index.php?rest_route=\/wp\/v2\/posts\/471\/revisions\/476"}],"wp:attachment":[{"href":"https:\/\/haas-altona.de\/atlantik\/index.php?rest_route=%2Fwp%2Fv2%2Fmedia&parent=471"}],"wp:term":[{"taxonomy":"category","embeddable":true,"href":"https:\/\/haas-altona.de\/atlantik\/index.php?rest_route=%2Fwp%2Fv2%2Fcategories&post=471"},{"taxonomy":"post_tag","embeddable":true,"href":"https:\/\/haas-altona.de\/atlantik\/index.php?rest_route=%2Fwp%2Fv2%2Ftags&post=471"}],"curies":[{"name":"wp","href":"https:\/\/api.w.org\/{rel}","templated":true}]}}