{"id":444,"date":"2018-01-26T11:39:07","date_gmt":"2018-01-26T11:39:07","guid":{"rendered":"http:\/\/haas-altona.de\/atlantik\/?p=444"},"modified":"2018-01-26T11:39:07","modified_gmt":"2018-01-26T11:39:07","slug":"vive-la-france","status":"publish","type":"post","link":"https:\/\/haas-altona.de\/atlantik\/?p=444","title":{"rendered":"Vive la France"},"content":{"rendered":"<p>Die Kleinen Antillen liegen in der Form eines Halbmondes vor dem Karibischen Meer. Ganz im Osten, etwa 80 Meilen diesem Halbmond vorgelagert, befindet sich Barbados. Von den \u00fcbrigen Inseln ist\u00a0 Martinique\u00a0 die \u00f6stlichste. Der Passatwind weht best\u00e4ndig mit 15 bis 25 Knoten aus NE und pendelt dabei um die 30 Grad hin und her. Zwischen den Inseln kann es durchaus zu Bedingungen kommen, die man im Englischen als &#8222;boisterous&#8220; bezeichnet, im Deutschen etwas weniger poetisch hie\u00dfe das dann ruppig.<\/p>\n<p>Der R\u00fcckweg von St. Lucia nach Martinique bedeutet also einen Am-Wind-Kurs, insbesondere, da die Zora an die S\u00fcdspitze der Insel will, nach St. Anne, von dem Jakob geschw\u00e4rmt hatte. Die Bedingungen sind g\u00fcnstig. Das sehr detaillierte franz\u00f6sische Wettermodell sagt 15 &#8211; 20 Knoten voraus. Mit einem Reff im Gro\u00df nimmt die Zora die 20 Meilen nach Martinique in Angriff. Die Crew findet das anfangs ganz akzeptabel, zieht dann aber doch vor mit dem Ipod im Ohr auf dem Fu\u00dfboden im Salon abzuwettern. Der Skipper h\u00e4ngt die verl\u00e4ssliche Windpilot ein und setzt sich auf die hohe Kante um das Segeln zu genie\u00dfen.<\/p>\n<p>Eine gro\u00dfe Ketsch, die parallel mitl\u00e4uft, findet die Bedingungen wohl zu &#8222;boisterous&#8220;\u00a0 und dreht nach drei Meilen wieder um. Zahllose Charterkats kommen mit Minimalbesegelung entgegen. Aber Zora liebt diese Bedingungen. Eigentlich k\u00f6nnte sie auch noch mehr Segel vertragen, aber mit R\u00fccksicht auf die Crew bleibt das Reff im Gro\u00df und das Stagsegel in der Last.\u00a0 So klettert unser schwerer Kutter mit 7 Knoten m\u00fchelos \u00fcber den heranrollenden Atlantikschwell, der etwa 2m hoch ist, aber wohl gemerkt, signifikante Wellenh\u00f6he. Einzelne Wellen sind dann bis zu zweimal h\u00f6her.\u00a0 Das bemerkt der Skipper beim Besuch der Toilette im Vorschiff: Das Luk war nicht fest verschraubt und von oben tropft es auf die Koje&#8230; Raumschotssegeln macht nachl\u00e4ssig!<\/p>\n<p>Schon am fr\u00fchen Nachmittag erreicht wir so Martinique und gehen vor dem kleinen Ort St. Anne vor Anker. Hier wird dicht an dicht geankert: Gesa meint der ganze Wedeler Yachthafen sei vor Anker gegangen. Kein Wunder: Hier gibt&#8217;s Baguettes an Land, k\u00f6stlichen frischen Fisch, keine Boat Boys, Euros, EU-Roaming. Sozusagen Europa unter Palmen. Vive la France!<\/p>\n<figure id=\"attachment_447\" aria-describedby=\"caption-attachment-447\" style=\"width: 4608px\" class=\"wp-caption aligncenter\"><a href=\"http:\/\/haas-altona.de\/atlantik\/wp-content\/uploads\/2018\/01\/IMG_1258.jpg\"><img loading=\"lazy\" decoding=\"async\" class=\"size-full wp-image-447\" src=\"http:\/\/haas-altona.de\/atlantik\/wp-content\/uploads\/2018\/01\/IMG_1258.jpg\" alt=\"\" width=\"4608\" height=\"3456\" srcset=\"https:\/\/haas-altona.de\/atlantik\/wp-content\/uploads\/2018\/01\/IMG_1258.jpg 4608w, https:\/\/haas-altona.de\/atlantik\/wp-content\/uploads\/2018\/01\/IMG_1258-300x225.jpg 300w, https:\/\/haas-altona.de\/atlantik\/wp-content\/uploads\/2018\/01\/IMG_1258-768x576.jpg 768w, https:\/\/haas-altona.de\/atlantik\/wp-content\/uploads\/2018\/01\/IMG_1258-1024x768.jpg 1024w\" sizes=\"auto, (max-width: 4608px) 100vw, 4608px\" \/><\/a><figcaption id=\"caption-attachment-447\" class=\"wp-caption-text\">Abendstimmung auf der Reede von St. Anne<\/figcaption><\/figure>\n<p>Einziger Vermouth-Tropfen: der bis ins gigantomanisch gesteigerte Chartertourismus. Fast alle Schiffe sind 40 &#8211; 60 Fu\u00df gro\u00dfe Kats mit 8 &#8211; 10 Personen an Bord. Die ankern hier alles zu und nehmen dabei m\u00e4chtig Platz weg. Dazwischen einige wenige Schiffe, die auf eigenem Kiel hierher gelangt sind. So z. B. die Acapulco mit MSC und SCU Stander unter der Saling. Deren Crew besucht uns schwimmend und wir trinken sehr nett einen Espresso im Cockpit.<\/p>\n<figure id=\"attachment_448\" aria-describedby=\"caption-attachment-448\" style=\"width: 4608px\" class=\"wp-caption aligncenter\"><a href=\"http:\/\/haas-altona.de\/atlantik\/wp-content\/uploads\/2018\/01\/IMG_1262.jpg\"><img loading=\"lazy\" decoding=\"async\" class=\"size-full wp-image-448\" src=\"http:\/\/haas-altona.de\/atlantik\/wp-content\/uploads\/2018\/01\/IMG_1262.jpg\" alt=\"\" width=\"4608\" height=\"3456\" srcset=\"https:\/\/haas-altona.de\/atlantik\/wp-content\/uploads\/2018\/01\/IMG_1262.jpg 4608w, https:\/\/haas-altona.de\/atlantik\/wp-content\/uploads\/2018\/01\/IMG_1262-300x225.jpg 300w, https:\/\/haas-altona.de\/atlantik\/wp-content\/uploads\/2018\/01\/IMG_1262-768x576.jpg 768w, https:\/\/haas-altona.de\/atlantik\/wp-content\/uploads\/2018\/01\/IMG_1262-1024x768.jpg 1024w\" sizes=\"auto, (max-width: 4608px) 100vw, 4608px\" \/><\/a><figcaption id=\"caption-attachment-448\" class=\"wp-caption-text\">Vor Anker vor St. Anne<\/figcaption><\/figure>\n<p>Am Folgetag f\u00e4hrt die Zora zum Einkaufen in die Marina von Le Marin. Bis wir unseren bereits reservierten Platz zugewiesen bekommen, drehen wir 2 Stunden Runden um dann neben einer 60 Fu\u00df Oyster festzumachen. Deren (bezahlte) Crew berichtet am Abend vom Leben mit zahlenden G\u00e4sten, abwesenden Eignern. Wir machen Gro\u00dfeinkauf, zerlegen den \u00d6lk\u00fchler, der offensichtlich zugesetzt war (Maschine hei\u00df) und hauen dann so schnell wie m\u00f6glich wieder ab nach St. Anne, wo man ruhig liegt, wo in der Nacht ein k\u00fchler Wind durchs Boot streicht und am Land freundliche Franzosen k\u00f6stliche Baguettes verkaufen.<\/p>\n<figure id=\"attachment_449\" aria-describedby=\"caption-attachment-449\" style=\"width: 3840px\" class=\"wp-caption aligncenter\"><a href=\"http:\/\/haas-altona.de\/atlantik\/wp-content\/uploads\/2018\/01\/DSC_0078.jpg\"><img loading=\"lazy\" decoding=\"async\" class=\"size-full wp-image-449\" src=\"http:\/\/haas-altona.de\/atlantik\/wp-content\/uploads\/2018\/01\/DSC_0078.jpg\" alt=\"\" width=\"3840\" height=\"2160\" srcset=\"https:\/\/haas-altona.de\/atlantik\/wp-content\/uploads\/2018\/01\/DSC_0078.jpg 3840w, https:\/\/haas-altona.de\/atlantik\/wp-content\/uploads\/2018\/01\/DSC_0078-300x169.jpg 300w, https:\/\/haas-altona.de\/atlantik\/wp-content\/uploads\/2018\/01\/DSC_0078-768x432.jpg 768w, https:\/\/haas-altona.de\/atlantik\/wp-content\/uploads\/2018\/01\/DSC_0078-1024x576.jpg 1024w\" sizes=\"auto, (max-width: 3840px) 100vw, 3840px\" \/><\/a><figcaption id=\"caption-attachment-449\" class=\"wp-caption-text\">Das Kirchlein von St. Anne<\/figcaption><\/figure>\n<p>&nbsp;<\/p>\n","protected":false},"excerpt":{"rendered":"<p>Die Kleinen Antillen liegen in der Form eines Halbmondes vor dem Karibischen Meer. Ganz im Osten, etwa 80 Meilen diesem Halbmond vorgelagert, befindet sich Barbados. Von den \u00fcbrigen Inseln ist\u00a0 Martinique\u00a0 die \u00f6stlichste. Der Passatwind weht best\u00e4ndig mit 15 bis 25 Knoten aus NE und pendelt dabei um die 30 Grad hin und her. Zwischen &hellip; <a href=\"https:\/\/haas-altona.de\/atlantik\/?p=444\" class=\"more-link\"><span class=\"screen-reader-text\">Vive la France<\/span> weiterlesen<\/a><\/p>\n","protected":false},"author":1,"featured_media":0,"comment_status":"open","ping_status":"open","sticky":false,"template":"","format":"standard","meta":{"footnotes":""},"categories":[1],"tags":[],"class_list":["post-444","post","type-post","status-publish","format-standard","hentry","category-uncategorized"],"_links":{"self":[{"href":"https:\/\/haas-altona.de\/atlantik\/index.php?rest_route=\/wp\/v2\/posts\/444","targetHints":{"allow":["GET"]}}],"collection":[{"href":"https:\/\/haas-altona.de\/atlantik\/index.php?rest_route=\/wp\/v2\/posts"}],"about":[{"href":"https:\/\/haas-altona.de\/atlantik\/index.php?rest_route=\/wp\/v2\/types\/post"}],"author":[{"embeddable":true,"href":"https:\/\/haas-altona.de\/atlantik\/index.php?rest_route=\/wp\/v2\/users\/1"}],"replies":[{"embeddable":true,"href":"https:\/\/haas-altona.de\/atlantik\/index.php?rest_route=%2Fwp%2Fv2%2Fcomments&post=444"}],"version-history":[{"count":3,"href":"https:\/\/haas-altona.de\/atlantik\/index.php?rest_route=\/wp\/v2\/posts\/444\/revisions"}],"predecessor-version":[{"id":450,"href":"https:\/\/haas-altona.de\/atlantik\/index.php?rest_route=\/wp\/v2\/posts\/444\/revisions\/450"}],"wp:attachment":[{"href":"https:\/\/haas-altona.de\/atlantik\/index.php?rest_route=%2Fwp%2Fv2%2Fmedia&parent=444"}],"wp:term":[{"taxonomy":"category","embeddable":true,"href":"https:\/\/haas-altona.de\/atlantik\/index.php?rest_route=%2Fwp%2Fv2%2Fcategories&post=444"},{"taxonomy":"post_tag","embeddable":true,"href":"https:\/\/haas-altona.de\/atlantik\/index.php?rest_route=%2Fwp%2Fv2%2Ftags&post=444"}],"curies":[{"name":"wp","href":"https:\/\/api.w.org\/{rel}","templated":true}]}}