{"id":323,"date":"2017-11-23T10:09:32","date_gmt":"2017-11-23T10:09:32","guid":{"rendered":"http:\/\/haas-altona.de\/atlantik\/?p=323"},"modified":"2017-11-23T10:09:32","modified_gmt":"2017-11-23T10:09:32","slug":"herbststurm-uber-den-kanaren","status":"publish","type":"post","link":"https:\/\/haas-altona.de\/atlantik\/?p=323","title":{"rendered":"Herbststurm \u00fcber den Kanaren"},"content":{"rendered":"<p><a href=\"http:\/\/haas-altona.de\/atlantik\/wp-content\/uploads\/2017\/11\/IMG_1130.png\"><br \/>\n<img loading=\"lazy\" decoding=\"async\" class=\"aligncenter size-full wp-image-324\" src=\"http:\/\/haas-altona.de\/atlantik\/wp-content\/uploads\/2017\/11\/IMG_1130.png\" alt=\"\" width=\"2048\" height=\"1536\" srcset=\"https:\/\/haas-altona.de\/atlantik\/wp-content\/uploads\/2017\/11\/IMG_1130.png 2048w, https:\/\/haas-altona.de\/atlantik\/wp-content\/uploads\/2017\/11\/IMG_1130-300x225.png 300w, https:\/\/haas-altona.de\/atlantik\/wp-content\/uploads\/2017\/11\/IMG_1130-768x576.png 768w, https:\/\/haas-altona.de\/atlantik\/wp-content\/uploads\/2017\/11\/IMG_1130-1024x768.png 1024w\" sizes=\"auto, (max-width: 2048px) 100vw, 2048px\" \/><\/a><\/p>\n<p>Das GFS Modell sagt f\u00fcrs Wochenende einen richtigen Herbststurm f\u00fcr die Kanarischen Inseln voraus. Das bringt ordentlich Wind (im Mittel bis 35kn) und Regen. Der NE Passat bei den Kapverden wird davon sozusagen weggesaugt. Rode Zora v. Amsterdam auf ihrem Weg in die Karibik bekommt Flaute und die Teilnehmer der ARC, die am letzten Wochenende gestartet sind bekommen ordentlich was auf die M\u00fctze, wie man in Norddeutschland gerne sagt. Passatsegeln f\u00e4llt also f\u00fcr die n\u00e4chsten drei Tage aus. Danach sollte sich die Situation wieder stabilisieren&#8230;<\/p>\n","protected":false},"excerpt":{"rendered":"<p>Das GFS Modell sagt f\u00fcrs Wochenende einen richtigen Herbststurm f\u00fcr die Kanarischen Inseln voraus. Das bringt ordentlich Wind (im Mittel bis 35kn) und Regen. Der NE Passat bei den Kapverden wird davon sozusagen weggesaugt. Rode Zora v. Amsterdam auf ihrem Weg in die Karibik bekommt Flaute und die Teilnehmer der ARC, die am letzten Wochenende &hellip; <a href=\"https:\/\/haas-altona.de\/atlantik\/?p=323\" class=\"more-link\"><span class=\"screen-reader-text\">Herbststurm \u00fcber den Kanaren<\/span> weiterlesen<\/a><\/p>\n","protected":false},"author":1,"featured_media":0,"comment_status":"open","ping_status":"open","sticky":false,"template":"","format":"standard","meta":{"footnotes":""},"categories":[1],"tags":[],"class_list":["post-323","post","type-post","status-publish","format-standard","hentry","category-uncategorized"],"_links":{"self":[{"href":"https:\/\/haas-altona.de\/atlantik\/index.php?rest_route=\/wp\/v2\/posts\/323","targetHints":{"allow":["GET"]}}],"collection":[{"href":"https:\/\/haas-altona.de\/atlantik\/index.php?rest_route=\/wp\/v2\/posts"}],"about":[{"href":"https:\/\/haas-altona.de\/atlantik\/index.php?rest_route=\/wp\/v2\/types\/post"}],"author":[{"embeddable":true,"href":"https:\/\/haas-altona.de\/atlantik\/index.php?rest_route=\/wp\/v2\/users\/1"}],"replies":[{"embeddable":true,"href":"https:\/\/haas-altona.de\/atlantik\/index.php?rest_route=%2Fwp%2Fv2%2Fcomments&post=323"}],"version-history":[{"count":1,"href":"https:\/\/haas-altona.de\/atlantik\/index.php?rest_route=\/wp\/v2\/posts\/323\/revisions"}],"predecessor-version":[{"id":325,"href":"https:\/\/haas-altona.de\/atlantik\/index.php?rest_route=\/wp\/v2\/posts\/323\/revisions\/325"}],"wp:attachment":[{"href":"https:\/\/haas-altona.de\/atlantik\/index.php?rest_route=%2Fwp%2Fv2%2Fmedia&parent=323"}],"wp:term":[{"taxonomy":"category","embeddable":true,"href":"https:\/\/haas-altona.de\/atlantik\/index.php?rest_route=%2Fwp%2Fv2%2Fcategories&post=323"},{"taxonomy":"post_tag","embeddable":true,"href":"https:\/\/haas-altona.de\/atlantik\/index.php?rest_route=%2Fwp%2Fv2%2Ftags&post=323"}],"curies":[{"name":"wp","href":"https:\/\/api.w.org\/{rel}","templated":true}]}}