{"id":237,"date":"2017-10-17T15:33:36","date_gmt":"2017-10-17T15:33:36","guid":{"rendered":"http:\/\/haas-altona.de\/atlantik\/?p=237"},"modified":"2017-10-17T15:33:36","modified_gmt":"2017-10-17T15:33:36","slug":"tolle-junge-leute","status":"publish","type":"post","link":"https:\/\/haas-altona.de\/atlantik\/?p=237","title":{"rendered":"Tolle Junge Leute"},"content":{"rendered":"<p>Im Film &#8222;Das Boot&#8220; gibt es fast am Ende eine besonders eindrucksvolle Szene: Das Boot liegt schon seit Stunden in\u00a0\u00fcber 250m Tiefe auf Grund und ist schwer besch\u00e4digt. Sauerstoff und Strom gehen zu Neige. Es ist eiskalt und von \u00fcberall tropft das Wasser. Bis auf wenige liegen die Mannschaften in den Kojen und atmen durch Kali-Patronen. Die Lage erscheint aussichtslos und die meisten haben wohl mit ihrem Schicksal abgeschlossen. Da kommt der Leitende Ingenieur auf die Br\u00fccke und berichtet dem Kommandanten, dass die Maschine repariert und alle Lecks gestoppt sind. Der Kommandant murmelt nur: &#8222;Gute Leute muss man haben!&#8220;<\/p>\n<p>Zur\u00fcck in die Realit\u00e4t und auf das Vorschiff der Zora einige Meilen vor Madeira: In vollst\u00e4ndiger Dunkelheit sind wir aus dem Windschatten der Insel gekommen und in der Beschleunigungszone ist der fast 50m2 gro\u00dfe Kl\u00fcver aus der Rollanlage geflogen. Keiner von uns kann einsch\u00e4tzen, wie stark der Wind gerade ist, aber das Heulen im Rigg ist eindrucksvoll. Juri und der Skipper versuchen das wild schlagende Gro\u00df zu b\u00e4ndigen, ein Reff einzuziehen und das Stagsegel zu setzen. \u00d6lzeug haben wir nicht an. Daf\u00fcr ware keine Zeit. Immerhin sind wir gut gesichert mit Sicherheitswesten und Lifelines. Trotzdem, harte Arbeit!<\/p>\n<p>Da juchzt Juri auf: Vorschiff ist soooo geil! Der Skipper kann das gerade nicht ganz nachvollziehen. Aber so sind die jungen Leute: Einfach toll. Eine kleine Herausforderung und schon wachsen sie \u00fcber sich hinaus.<\/p>\n<p>Wenige Tage sp\u00e4ter auf Teneriffa lernen wir Kees van Zon und Erwin Rekers kennen, beide um die 22 Jahre alt. Sie haben sich g\u00fcnstig ein heruntergekommenes 44 Fu\u00df Schiff gekauft und in zwei Jahren von Grund auf saniert. Dabei haben sie alles selber gemacht. Nun sind sie unterwegs und hoffen, dass sie mit ihren Ersparnissen um die Welt kommen. Sollte das Geld ausgehen, wollen sie ihre praktischen Erfahrungen anderen anbieten und so ein wenig Geld verdienen. Der Skipper findet das toll und gibt ihnen gleich ein paar Sachen auf der Zora zu tun. Die billigen, einfachen L\u00f6sungen, die sie f\u00fcr das eine oder andere Problem finden, beeindrucken.<\/p>\n<p>Der Skipper hat das Gl\u00fcck immer mal wieder mit diesen jungen Leuten zu segeln. Sie sind ehrgeizig, witzig, stark, ausdauernd und vieles andere mehr. Man kann sich ruhig in die Koje legen und ihnen das Schiff \u00fcberlassen. Nur weniges kann der Skipper selber vielleicht noch besser &#8211; z. B. Kochen bei viel Welle. Aber auch dieser Vorsprung schwindet.<\/p>\n<p>Tja, Gute Leute muss man eben haben!<\/p>\n<p>(P. S. Die Reise von Kees und Erwin kann man <a href=\"http:\/\/www.gewoonzeilen.nl\">hier<\/a> verfolgen.<\/p>\n","protected":false},"excerpt":{"rendered":"<p>Im Film &#8222;Das Boot&#8220; gibt es fast am Ende eine besonders eindrucksvolle Szene: Das Boot liegt schon seit Stunden in\u00a0\u00fcber 250m Tiefe auf Grund und ist schwer besch\u00e4digt. Sauerstoff und Strom gehen zu Neige. Es ist eiskalt und von \u00fcberall tropft das Wasser. Bis auf wenige liegen die Mannschaften in den Kojen und atmen durch &hellip; <a href=\"https:\/\/haas-altona.de\/atlantik\/?p=237\" class=\"more-link\"><span class=\"screen-reader-text\">Tolle Junge Leute<\/span> weiterlesen<\/a><\/p>\n","protected":false},"author":1,"featured_media":0,"comment_status":"open","ping_status":"open","sticky":false,"template":"","format":"standard","meta":{"footnotes":""},"categories":[1],"tags":[],"class_list":["post-237","post","type-post","status-publish","format-standard","hentry","category-uncategorized"],"_links":{"self":[{"href":"https:\/\/haas-altona.de\/atlantik\/index.php?rest_route=\/wp\/v2\/posts\/237","targetHints":{"allow":["GET"]}}],"collection":[{"href":"https:\/\/haas-altona.de\/atlantik\/index.php?rest_route=\/wp\/v2\/posts"}],"about":[{"href":"https:\/\/haas-altona.de\/atlantik\/index.php?rest_route=\/wp\/v2\/types\/post"}],"author":[{"embeddable":true,"href":"https:\/\/haas-altona.de\/atlantik\/index.php?rest_route=\/wp\/v2\/users\/1"}],"replies":[{"embeddable":true,"href":"https:\/\/haas-altona.de\/atlantik\/index.php?rest_route=%2Fwp%2Fv2%2Fcomments&post=237"}],"version-history":[{"count":1,"href":"https:\/\/haas-altona.de\/atlantik\/index.php?rest_route=\/wp\/v2\/posts\/237\/revisions"}],"predecessor-version":[{"id":238,"href":"https:\/\/haas-altona.de\/atlantik\/index.php?rest_route=\/wp\/v2\/posts\/237\/revisions\/238"}],"wp:attachment":[{"href":"https:\/\/haas-altona.de\/atlantik\/index.php?rest_route=%2Fwp%2Fv2%2Fmedia&parent=237"}],"wp:term":[{"taxonomy":"category","embeddable":true,"href":"https:\/\/haas-altona.de\/atlantik\/index.php?rest_route=%2Fwp%2Fv2%2Fcategories&post=237"},{"taxonomy":"post_tag","embeddable":true,"href":"https:\/\/haas-altona.de\/atlantik\/index.php?rest_route=%2Fwp%2Fv2%2Ftags&post=237"}],"curies":[{"name":"wp","href":"https:\/\/api.w.org\/{rel}","templated":true}]}}