{"id":210,"date":"2017-07-22T06:59:21","date_gmt":"2017-07-22T06:59:21","guid":{"rendered":"http:\/\/haas-altona.de\/atlantik\/?p=210"},"modified":"2017-07-22T06:59:21","modified_gmt":"2017-07-22T06:59:21","slug":"roadtrip-nach-lissabon","status":"publish","type":"post","link":"https:\/\/haas-altona.de\/atlantik\/?p=210","title":{"rendered":"Roadtrip nach Lissabon"},"content":{"rendered":"<p style=\"text-align: center;\"><a href=\"http:\/\/haas-altona.de\/atlantik\/wp-content\/uploads\/2017\/07\/wp_ss_20170722_0001.png\"><img loading=\"lazy\" decoding=\"async\" class=\"aligncenter size-large wp-image-211\" src=\"http:\/\/haas-altona.de\/atlantik\/wp-content\/uploads\/2017\/07\/wp_ss_20170722_0001-576x1024.png\" alt=\"\" width=\"525\" height=\"933\" srcset=\"https:\/\/haas-altona.de\/atlantik\/wp-content\/uploads\/2017\/07\/wp_ss_20170722_0001-576x1024.png 576w, https:\/\/haas-altona.de\/atlantik\/wp-content\/uploads\/2017\/07\/wp_ss_20170722_0001-169x300.png 169w, https:\/\/haas-altona.de\/atlantik\/wp-content\/uploads\/2017\/07\/wp_ss_20170722_0001-768x1365.png 768w, https:\/\/haas-altona.de\/atlantik\/wp-content\/uploads\/2017\/07\/wp_ss_20170722_0001.png 1440w\" sizes=\"auto, (max-width: 525px) 100vw, 525px\" \/><\/a><\/p>\n<p>Die n\u00e4chste Crew ist auf dem Weg nach Lissabon. Gesa hasst das Fliegen und so verbinden wir Sch\u00f6nes mit N\u00fctzlichem und machen einen Roadtrip um Zora an ihrem letzten geplanten Hafen auf dem Europ\u00e4ischen Kontinent noch einmal zu versorgen. An Bord unseres VW Busses sind au\u00dfer der Campingausr\u00fcstung allerlei Gro\u00dfes und Kleines das an Bord zumindest noch n\u00fctzlich sein k\u00f6nnte. Unter anderem ein \u00fcberholter W\u00e4rmetauscher f\u00fcr die gr\u00fcne Eminenz. Vielleicht ist das nur notwendig um die Paranoia von Tobias zu beruhigen, der der Reparatur aus Ramsgate nicht so richtig traut und sich auf einer einsamen Insel (Selvaghem Grande &#8211; wer kennt das und wei\u00df wo das ist \ud83d\ude1b) mit einem leckenden W\u00e4rmetauscher sieht&#8230;<\/p>\n","protected":false},"excerpt":{"rendered":"<p>Die n\u00e4chste Crew ist auf dem Weg nach Lissabon. Gesa hasst das Fliegen und so verbinden wir Sch\u00f6nes mit N\u00fctzlichem und machen einen Roadtrip um Zora an ihrem letzten geplanten Hafen auf dem Europ\u00e4ischen Kontinent noch einmal zu versorgen. An Bord unseres VW Busses sind au\u00dfer der Campingausr\u00fcstung allerlei Gro\u00dfes und Kleines das an Bord &hellip; <a href=\"https:\/\/haas-altona.de\/atlantik\/?p=210\" class=\"more-link\"><span class=\"screen-reader-text\">Roadtrip nach Lissabon<\/span> weiterlesen<\/a><\/p>\n","protected":false},"author":1,"featured_media":0,"comment_status":"open","ping_status":"open","sticky":false,"template":"","format":"standard","meta":{"footnotes":""},"categories":[1],"tags":[],"class_list":["post-210","post","type-post","status-publish","format-standard","hentry","category-uncategorized"],"_links":{"self":[{"href":"https:\/\/haas-altona.de\/atlantik\/index.php?rest_route=\/wp\/v2\/posts\/210","targetHints":{"allow":["GET"]}}],"collection":[{"href":"https:\/\/haas-altona.de\/atlantik\/index.php?rest_route=\/wp\/v2\/posts"}],"about":[{"href":"https:\/\/haas-altona.de\/atlantik\/index.php?rest_route=\/wp\/v2\/types\/post"}],"author":[{"embeddable":true,"href":"https:\/\/haas-altona.de\/atlantik\/index.php?rest_route=\/wp\/v2\/users\/1"}],"replies":[{"embeddable":true,"href":"https:\/\/haas-altona.de\/atlantik\/index.php?rest_route=%2Fwp%2Fv2%2Fcomments&post=210"}],"version-history":[{"count":2,"href":"https:\/\/haas-altona.de\/atlantik\/index.php?rest_route=\/wp\/v2\/posts\/210\/revisions"}],"predecessor-version":[{"id":213,"href":"https:\/\/haas-altona.de\/atlantik\/index.php?rest_route=\/wp\/v2\/posts\/210\/revisions\/213"}],"wp:attachment":[{"href":"https:\/\/haas-altona.de\/atlantik\/index.php?rest_route=%2Fwp%2Fv2%2Fmedia&parent=210"}],"wp:term":[{"taxonomy":"category","embeddable":true,"href":"https:\/\/haas-altona.de\/atlantik\/index.php?rest_route=%2Fwp%2Fv2%2Fcategories&post=210"},{"taxonomy":"post_tag","embeddable":true,"href":"https:\/\/haas-altona.de\/atlantik\/index.php?rest_route=%2Fwp%2Fv2%2Ftags&post=210"}],"curies":[{"name":"wp","href":"https:\/\/api.w.org\/{rel}","templated":true}]}}