{"id":206,"date":"2017-07-17T11:22:40","date_gmt":"2017-07-17T11:22:40","guid":{"rendered":"http:\/\/haas-altona.de\/atlantik\/?p=206"},"modified":"2017-07-17T11:22:40","modified_gmt":"2017-07-17T11:22:40","slug":"1500-meilen-in-5-wochen","status":"publish","type":"post","link":"https:\/\/haas-altona.de\/atlantik\/?p=206","title":{"rendered":"1500 Meilen in 5 Wochen"},"content":{"rendered":"<p>Am Sonnabend gegen 18:00 l\u00e4uft Zora in Cascais ein \u2013 fast eine Woche fr\u00fcher als geplant. Am Sonntag hatte ich die Gelegenheit l\u00e4nger mit dem Skipper zu telefonieren. Die gesamte Reise verlief entspannt und nach Plan. Alles an Bord hat gut und zuverl\u00e4ssig funktioniert. Alle Crews haben sich wohlgef\u00fchlt. \u00dcber die Reise g\u00e4be es viel zu berichten. Hoffentlich wird einer der Teilnehmer den Weg zum Stift oder zur Tastatur finden&#8230;<\/p>\n<figure id=\"attachment_207\" aria-describedby=\"caption-attachment-207\" style=\"width: 960px\" class=\"wp-caption aligncenter\"><a href=\"http:\/\/haas-altona.de\/atlantik\/wp-content\/uploads\/2017\/07\/19961297_10154587274376689_7074884562350631390_n.jpg\"><img loading=\"lazy\" decoding=\"async\" class=\"wp-image-207 size-full\" src=\"http:\/\/haas-altona.de\/atlantik\/wp-content\/uploads\/2017\/07\/19961297_10154587274376689_7074884562350631390_n.jpg\" alt=\"\" width=\"960\" height=\"712\" srcset=\"https:\/\/haas-altona.de\/atlantik\/wp-content\/uploads\/2017\/07\/19961297_10154587274376689_7074884562350631390_n.jpg 960w, https:\/\/haas-altona.de\/atlantik\/wp-content\/uploads\/2017\/07\/19961297_10154587274376689_7074884562350631390_n-300x223.jpg 300w, https:\/\/haas-altona.de\/atlantik\/wp-content\/uploads\/2017\/07\/19961297_10154587274376689_7074884562350631390_n-768x570.jpg 768w\" sizes=\"auto, (max-width: 960px) 100vw, 960px\" \/><\/a><figcaption id=\"caption-attachment-207\" class=\"wp-caption-text\">Cabo San Roca im Kielwasser<\/figcaption><\/figure>\n","protected":false},"excerpt":{"rendered":"<p>Am Sonnabend gegen 18:00 l\u00e4uft Zora in Cascais ein \u2013 fast eine Woche fr\u00fcher als geplant. Am Sonntag hatte ich die Gelegenheit l\u00e4nger mit dem Skipper zu telefonieren. Die gesamte Reise verlief entspannt und nach Plan. Alles an Bord hat gut und zuverl\u00e4ssig funktioniert. Alle Crews haben sich wohlgef\u00fchlt. \u00dcber die Reise g\u00e4be es viel &hellip; <a href=\"https:\/\/haas-altona.de\/atlantik\/?p=206\" class=\"more-link\"><span class=\"screen-reader-text\">1500 Meilen in 5 Wochen<\/span> weiterlesen<\/a><\/p>\n","protected":false},"author":1,"featured_media":0,"comment_status":"open","ping_status":"open","sticky":false,"template":"","format":"standard","meta":{"footnotes":""},"categories":[1],"tags":[],"class_list":["post-206","post","type-post","status-publish","format-standard","hentry","category-uncategorized"],"_links":{"self":[{"href":"https:\/\/haas-altona.de\/atlantik\/index.php?rest_route=\/wp\/v2\/posts\/206","targetHints":{"allow":["GET"]}}],"collection":[{"href":"https:\/\/haas-altona.de\/atlantik\/index.php?rest_route=\/wp\/v2\/posts"}],"about":[{"href":"https:\/\/haas-altona.de\/atlantik\/index.php?rest_route=\/wp\/v2\/types\/post"}],"author":[{"embeddable":true,"href":"https:\/\/haas-altona.de\/atlantik\/index.php?rest_route=\/wp\/v2\/users\/1"}],"replies":[{"embeddable":true,"href":"https:\/\/haas-altona.de\/atlantik\/index.php?rest_route=%2Fwp%2Fv2%2Fcomments&post=206"}],"version-history":[{"count":1,"href":"https:\/\/haas-altona.de\/atlantik\/index.php?rest_route=\/wp\/v2\/posts\/206\/revisions"}],"predecessor-version":[{"id":208,"href":"https:\/\/haas-altona.de\/atlantik\/index.php?rest_route=\/wp\/v2\/posts\/206\/revisions\/208"}],"wp:attachment":[{"href":"https:\/\/haas-altona.de\/atlantik\/index.php?rest_route=%2Fwp%2Fv2%2Fmedia&parent=206"}],"wp:term":[{"taxonomy":"category","embeddable":true,"href":"https:\/\/haas-altona.de\/atlantik\/index.php?rest_route=%2Fwp%2Fv2%2Fcategories&post=206"},{"taxonomy":"post_tag","embeddable":true,"href":"https:\/\/haas-altona.de\/atlantik\/index.php?rest_route=%2Fwp%2Fv2%2Ftags&post=206"}],"curies":[{"name":"wp","href":"https:\/\/api.w.org\/{rel}","templated":true}]}}